{"id":3648,"date":"2022-02-16T23:20:21","date_gmt":"2022-02-16T23:20:21","guid":{"rendered":"https:\/\/vricmonitor.org\/putins-latin-america-gambit\/"},"modified":"2024-08-16T17:05:05","modified_gmt":"2024-08-16T17:05:05","slug":"putins-latin-america-gambit","status":"publish","type":"post","link":"https:\/\/vric.securefreesociety.org\/es\/putins-latin-america-gambit\/","title":{"rendered":"LA T\u00c1CTICA DE PUTIN PARA LATINOAM\u00c9RICA"},"content":{"rendered":"\t\t<div data-elementor-type=\"wp-post\" data-elementor-id=\"3648\" class=\"elementor elementor-3648 elementor-555\" data-elementor-post-type=\"post\">\n\t\t\t\t\t\t<section class=\"elementor-section elementor-top-section elementor-element elementor-element-1c6a46b elementor-section-boxed elementor-section-height-default elementor-section-height-default\" data-id=\"1c6a46b\" data-element_type=\"section\">\n\t\t\t\t\t\t<div class=\"elementor-container elementor-column-gap-default\">\n\t\t\t\t\t<div class=\"elementor-column elementor-col-100 elementor-top-column elementor-element elementor-element-c35842f\" data-id=\"c35842f\" data-element_type=\"column\">\n\t\t\t<div class=\"elementor-widget-wrap elementor-element-populated\">\n\t\t\t\t\t\t<div class=\"elementor-element elementor-element-7c334c7 elementor-widget elementor-widget-image\" data-id=\"7c334c7\" data-element_type=\"widget\" data-widget_type=\"image.default\">\n\t\t\t\t<div class=\"elementor-widget-container\">\n\t\t\t\t\t\t\t\t\t\t\t\t\t\t\t<img fetchpriority=\"high\" decoding=\"async\" width=\"800\" height=\"450\" src=\"https:\/\/vric.securefreesociety.org\/wp-content\/uploads\/2022\/02\/putin25cover-1024x576.png\" class=\"attachment-large size-large wp-image-3767\" alt=\"\" srcset=\"https:\/\/vric.securefreesociety.org\/wp-content\/uploads\/2022\/02\/putin25cover-1024x576.png 1024w, https:\/\/vric.securefreesociety.org\/wp-content\/uploads\/2022\/02\/putin25cover-300x169.png 300w, https:\/\/vric.securefreesociety.org\/wp-content\/uploads\/2022\/02\/putin25cover-768x432.png 768w, https:\/\/vric.securefreesociety.org\/wp-content\/uploads\/2022\/02\/putin25cover-1536x864.png 1536w, https:\/\/vric.securefreesociety.org\/wp-content\/uploads\/2022\/02\/putin25cover.png 1920w\" sizes=\"(max-width: 800px) 100vw, 800px\" \/>\t\t\t\t\t\t\t\t\t\t\t\t\t\t\t<\/div>\n\t\t\t\t<\/div>\n\t\t\t\t<div class=\"elementor-element elementor-element-cafe505 elementor-widget__width-initial elementor-widget elementor-widget-text-editor\" data-id=\"cafe505\" data-element_type=\"widget\" data-widget_type=\"text-editor.default\">\n\t\t\t\t<div class=\"elementor-widget-container\">\n\t\t\t\t\t\t\t\t\t<div class=\"wpb_text_column wpb_content_element \"><div class=\"wpb_wrapper\"><div class=\"wpb_text_column wpb_content_element \"><div class=\"wpb_wrapper\"><div class=\"wpb_text_column wpb_content_element \" style=\"margin: 0px 0px 35px; padding: 0px; border: 0px; vertical-align: baseline; background: transparent; color: #000000; font-size: 12px; outline: none !important;\"><div class=\"wpb_wrapper\" style=\"margin: 0px; padding: 0px; border: 0px; vertical-align: baseline; background: transparent; outline: none !important;\"><div class=\"wpb_text_column wpb_content_element \" style=\"margin: 0px 0px 35px; padding: 0px; border: 0px; vertical-align: baseline; background: transparent; outline: none !important;\"><div class=\"wpb_wrapper\" style=\"margin: 0px; padding: 0px; border: 0px; vertical-align: baseline; background: transparent; outline: none !important;\"><div class=\"wpb_text_column wpb_content_element \" style=\"margin: 0px 0px 35px; padding: 0px; border: 0px; vertical-align: baseline; background: transparent; outline: none !important;\"><div class=\"wpb_wrapper\" style=\"margin: 0px; padding: 0px; border: 0px; vertical-align: baseline; background: transparent; outline: none !important;\"><span style=\"background-color: transparent; color: #505050; font-size: 19px;\">Mientras el mundo observa los movimientos militares de Rusia en la frontera con Ucrania, Vladimir Putin ha estado ocupado creando influencia en Am\u00e9rica Latina. La reciente llegada de 68 \u00abt\u00e9cnicos\u00bb y asesores militares rusos a Venezuela en enero precipit\u00f3 la movilizaci\u00f3n de las fuerzas militares del r\u00e9gimen de Maduro al estado de Apure, cerca de la frontera, frente a la provincia colombiana de Arauca. El embajador de Mosc\u00fa en Bogot\u00e1 asegura al presidente Iv\u00e1n Duque que la presencia militar rusa en Venezuela no amenaza a Colombia, ni los sistemas de armas rusos caer\u00e1n en manos de actores il\u00edcitos y terroristas que operan en la frontera. Una promesa que ser\u00e1 dif\u00edcil de cumplir teniendo en cuenta los estrechos v\u00ednculos entre el r\u00e9gimen venezolano de Maduro y los grupos armados ilegales y las milicias civiles.<\/span><\/div><\/div><div class=\"wpb_text_column wpb_content_element \" style=\"margin: 0px 0px 35px; padding: 0px; border: 0px; vertical-align: baseline; background: transparent; outline: none !important;\"><div class=\"wpb_wrapper\" style=\"margin: 0px; padding: 0px; border: 0px; vertical-align: baseline; background: transparent; outline: none !important;\"><p>\u00a0<\/p><p style=\"margin-right: 0px; margin-bottom: 0px; margin-left: 0px; padding: 0px; border: 0px; vertical-align: baseline; background: transparent; font-size: 19px; color: #505050; line-height: 34px; outline: none !important;\">La creciente influencia de Rusia y China en Am\u00e9rica Latina impuls\u00f3 un nuevo proyecto de ley (S.3589) del senador Robert Men\u00e9ndez (D-NJ) y el senador Marco Rubio (R-FL), ambos miembros principales del Comit\u00e9 de Relaciones Exteriores del Senado. El proyecto de ley bipartidista, titulado \u00abLey de Estrategia de Seguridad del Hemisferio Occidental de 2022\u00bb, propone un aumento de la cooperaci\u00f3n bilateral y multilateral en materia de seguridad para contrarrestar la influencia maligna de China y Rusia en Am\u00e9rica Latina y el Caribe. Si se aprueba, la administraci\u00f3n Biden tendr\u00e1 seis meses para presentar al Congreso una estrategia plurianual para el Hemisferio Occidental, y otros 90 d\u00edas despu\u00e9s para empezar a aplicar dicha estrategia.<\/p><\/div><\/div><div class=\"wpb_text_column wpb_content_element \" style=\"margin: 0px 0px 35px; padding: 0px; border: 0px; vertical-align: baseline; background: transparent; outline: none !important;\"><div class=\"wpb_wrapper\" style=\"margin: 0px; padding: 0px; border: 0px; vertical-align: baseline; background: transparent; outline: none !important;\"><p style=\"margin-right: 0px; margin-bottom: 0px; margin-left: 0px; padding: 0px; border: 0px; vertical-align: baseline; background: transparent; font-size: 19px; color: #505050; line-height: 34px; outline: none !important;\">El proyecto de ley del Senado llega en un momento en que altos funcionarios del Departamento de Estado de EE.UU. visitaron Colombia a principios de febrero para analizar los riesgos de los actores externos antes de las elecciones legislativas y presidenciales colombianas. Tras la visita, uno de los principales peri\u00f3dicos colombianos, El Tiempo, public\u00f3 un art\u00edculo en el que se detallaba la posible intromisi\u00f3n rusa en las elecciones, ya que el servicio de inteligencia del pa\u00eds hab\u00eda detectado a un grupo de ciudadanos colombianos por recibir m\u00faltiples transferencias bancarias de peque\u00f1a cuant\u00eda procedentes de Rusia.<\/p><\/div><\/div><div class=\"wpb_text_column wpb_content_element \" style=\"margin: 0px 0px 35px; padding: 0px; border: 0px; vertical-align: baseline; background: transparent; outline: none !important;\"><div class=\"wpb_wrapper\" style=\"margin: 0px; padding: 0px; border: 0px; vertical-align: baseline; background: transparent; outline: none !important;\"><p style=\"margin-right: 0px; margin-bottom: 50px; margin-left: 0px; padding: 0px; border: 0px; vertical-align: baseline; background: transparent; font-size: 19px; color: #505050; line-height: 34px; outline: none !important;\">La Rep\u00fablica Isl\u00e1mica de Ir\u00e1n queda notablemente fuera del proyecto de ley del Senado. Mientras Rusia lidera la nueva negociaci\u00f3n nuclear con Ir\u00e1n, los dos reg\u00edmenes autoritarios de Mosc\u00fa y Teher\u00e1n proporcionan cada vez m\u00e1s asistencia t\u00e9cnica militar al r\u00e9gimen venezolano de Maduro. Pero la duradera asociaci\u00f3n de Ir\u00e1n con Venezuela no se limita a las fronteras de Venezuela.<\/p><\/div><\/div><\/div><\/div><\/div><\/div><\/div><\/div><\/div><\/div>\t\t\t\t\t\t\t\t<\/div>\n\t\t\t\t<\/div>\n\t\t\t\t<div class=\"elementor-element elementor-element-4ae0f3a elementor-widget__width-initial elementor-blockquote--skin-border elementor-widget elementor-widget-blockquote\" data-id=\"4ae0f3a\" data-element_type=\"widget\" data-widget_type=\"blockquote.default\">\n\t\t\t\t<div class=\"elementor-widget-container\">\n\t\t\t\t\t\t\t<blockquote class=\"elementor-blockquote\">\n\t\t\t<p class=\"elementor-blockquote__content\">\n\t\t\t\t<strong style=\"font-weight: bold;margin: 0px;padding: 0px;border: 0px;vertical-align: baseline;background: transparent;font-size: 19px;font-style: italic\">Durante casi una d\u00e9cada, el SFS ha advertido sobre un plan de seguridad de la inmigraci\u00f3n de Teher\u00e1n, La Habana y Caracas que proporciona apoyo log\u00edstico a presuntos terroristas de Oriente Pr\u00f3ximo. Una amenaza que ahora est\u00e1 cerca de casa.<\/strong>\t\t\t<\/p>\n\t\t\t\t\t<\/blockquote>\n\t\t\t\t\t\t<\/div>\n\t\t\t\t<\/div>\n\t\t\t\t<div class=\"elementor-element elementor-element-afa7707 elementor-widget__width-initial elementor-widget elementor-widget-text-editor\" data-id=\"afa7707\" data-element_type=\"widget\" data-widget_type=\"text-editor.default\">\n\t\t\t\t<div class=\"elementor-widget-container\">\n\t\t\t\t\t\t\t\t\t<div class=\"wpb_text_column wpb_content_element \"><div class=\"wpb_wrapper\"><div class=\"wpb_text_column wpb_content_element \"><div class=\"wpb_wrapper\"><div class=\"wpb_text_column wpb_content_element \"><div class=\"wpb_wrapper\"><div class=\"wpb_text_column wpb_content_element \" style=\"margin: 0px 0px 35px; padding: 0px; border: 0px; vertical-align: baseline; background: transparent; color: #000000; font-size: 12px; outline: none !important;\"><div class=\"wpb_wrapper\" style=\"margin: 0px; padding: 0px; border: 0px; vertical-align: baseline; background: transparent; outline: none !important;\"><p style=\"margin-right: 0px; margin-bottom: 0px; margin-left: 0px; padding: 0px; border: 0px; vertical-align: baseline; background: transparent; font-size: 19px; color: #505050; line-height: 34px; outline: none !important;\">El domingo 13 de febrero, inmigraci\u00f3n paname\u00f1a deport\u00f3 a 10 ciudadanos iran\u00edes con tarjetas de residencia alemanas falsas que llegaron al aeropuerto internacional de Tucum\u00e1n en un vuelo procedente de Caracas (Venezuela). Al parecer, los iran\u00edes se dirig\u00edan a Punta Cana (Rep\u00fablica Dominicana). Aunque en este caso no se trata de documentaci\u00f3n venezolana fraudulenta, ni se sabe si estos iran\u00edes estaban en alguna lista de vigilancia terrorista, otro caso del a\u00f1o pasado s\u00ed lo est\u00e1.<\/p><\/div><\/div><div class=\"wpb_text_column wpb_content_element \" style=\"margin: 0px 0px 35px; padding: 0px; border: 0px; vertical-align: baseline; background: transparent; color: #000000; font-size: 12px; outline: none !important;\"><div class=\"wpb_wrapper\" style=\"margin: 0px; padding: 0px; border: 0px; vertical-align: baseline; background: transparent; outline: none !important;\"><p style=\"margin-right: 0px; margin-bottom: 0px; margin-left: 0px; padding: 0px; border: 0px; vertical-align: baseline; background: transparent; font-size: 19px; color: #505050; line-height: 34px; outline: none !important;\">Issam Bazzi, de doble nacionalidad libanesa y venezolana, lleg\u00f3 a la frontera sur de Estados Unidos en noviembre de 2021 cruzando el R\u00edo Grande hacia Texas tras tomar un vuelo de Caracas a Monterrey (M\u00e9xico). El FBI lo se\u00f1al\u00f3 por tener \u00abinformaci\u00f3n altamente despectiva\u00bb y el ICE dijo que Bazzi deb\u00eda permanecer bajo custodia mientras espera su juicio de inmigraci\u00f3n porque representaba un riesgo de fuga. Al parecer, la sede del DHS anul\u00f3 esta decisi\u00f3n en diciembre y ahora, seg\u00fan informan los medios de comunicaci\u00f3n locales de Michigan, Bazzi vive en Dearborn, ciudad conocida por contar entre su poblaci\u00f3n con simpatizantes de Hezbol\u00e1.<\/p><\/div><\/div><\/div><\/div><\/div><\/div><\/div><\/div>\t\t\t\t\t\t\t\t<\/div>\n\t\t\t\t<\/div>\n\t\t\t\t<div class=\"elementor-element elementor-element-d439522 elementor-widget elementor-widget-image\" data-id=\"d439522\" data-element_type=\"widget\" data-widget_type=\"image.default\">\n\t\t\t\t<div class=\"elementor-widget-container\">\n\t\t\t\t\t\t\t\t\t\t\t\t\t\t\t<img decoding=\"async\" width=\"800\" height=\"334\" src=\"https:\/\/vric.securefreesociety.org\/wp-content\/uploads\/2023\/06\/venezuelacovermonitor-1-1024x427.jpg\" class=\"attachment-large size-large wp-image-2859\" alt=\"\" srcset=\"https:\/\/vric.securefreesociety.org\/wp-content\/uploads\/2023\/06\/venezuelacovermonitor-1-1024x427.jpg 1024w, https:\/\/vric.securefreesociety.org\/wp-content\/uploads\/2023\/06\/venezuelacovermonitor-1-300x125.jpg 300w, https:\/\/vric.securefreesociety.org\/wp-content\/uploads\/2023\/06\/venezuelacovermonitor-1-768x320.jpg 768w, https:\/\/vric.securefreesociety.org\/wp-content\/uploads\/2023\/06\/venezuelacovermonitor-1-1536x640.jpg 1536w, https:\/\/vric.securefreesociety.org\/wp-content\/uploads\/2023\/06\/venezuelacovermonitor-1.jpg 1920w\" sizes=\"(max-width: 800px) 100vw, 800px\" \/>\t\t\t\t\t\t\t\t\t\t\t\t\t\t\t<\/div>\n\t\t\t\t<\/div>\n\t\t\t\t<div class=\"elementor-element elementor-element-e01da3b elementor-widget__width-initial elementor-widget elementor-widget-text-editor\" data-id=\"e01da3b\" data-element_type=\"widget\" data-widget_type=\"text-editor.default\">\n\t\t\t\t<div class=\"elementor-widget-container\">\n\t\t\t\t\t\t\t\t\t<div class=\"wpb_text_column wpb_content_element \"><div class=\"wpb_wrapper\"><div class=\"wpb_text_column wpb_content_element \"><div class=\"wpb_wrapper\"><div class=\"wpb_text_column wpb_content_element \"><div class=\"wpb_wrapper\"><div class=\"wpb_text_column wpb_content_element \"><div class=\"wpb_wrapper\"><div class=\"wpb_text_column wpb_content_element \"><div class=\"wpb_wrapper\"><div class=\"wpb_text_column wpb_content_element \" style=\"margin: 0px 0px 35px; padding: 0px; border: 0px; vertical-align: baseline; background: transparent; color: #000000; font-size: 12px; outline: none !important;\"><div class=\"wpb_wrapper\" style=\"margin: 0px; padding: 0px; border: 0px; vertical-align: baseline; background: transparent; outline: none !important;\"><p style=\"margin-right: 0px; margin-bottom: 50px; margin-left: 0px; padding: 0px; border: 0px; vertical-align: baseline; background: transparent; font-size: 19px; color: #505050; line-height: 34px; outline: none !important;\">El a\u00f1o comenz\u00f3 con un recrudecimiento del conflicto en Arauca, en la frontera entre Colombia y Venezuela. El 12 de febrero, la violencia en Arauca se sald\u00f3 con 67 muertos, lo que llev\u00f3 al ej\u00e9rcito colombiano a desplegar dos batallones en la frontera. Dado que una facci\u00f3n de los disidentes de las FARC, conocida como Frente 10 \u00abMart\u00edn Villa\u00bb, mantiene intensos combates con el ELN, la violencia, aunque indeseada, no es sorprendente. El presidente colombiano, Iv\u00e1n Duque, coment\u00f3:<\/p><\/div><\/div><\/div><\/div><\/div><\/div><\/div><\/div><\/div><\/div><\/div><\/div>\t\t\t\t\t\t\t\t<\/div>\n\t\t\t\t<\/div>\n\t\t\t\t<div class=\"elementor-element elementor-element-7bf9fb1 elementor-widget__width-initial elementor-blockquote--skin-border elementor-widget elementor-widget-blockquote\" data-id=\"7bf9fb1\" data-element_type=\"widget\" data-widget_type=\"blockquote.default\">\n\t\t\t\t<div class=\"elementor-widget-container\">\n\t\t\t\t\t\t\t<blockquote class=\"elementor-blockquote\">\n\t\t\t<p class=\"elementor-blockquote__content\">\n\t\t\t\t\u201cCuando tienes una frontera en la que al otro lado hay un pa\u00eds que protege y da espacio y todo el ox\u00edgeno al terrorismo, por supuesto, el territorio est\u00e1 expuesto a altos niveles de riesgo.\u201d\t\t\t<\/p>\n\t\t\t\t\t<\/blockquote>\n\t\t\t\t\t\t<\/div>\n\t\t\t\t<\/div>\n\t\t\t\t<div class=\"elementor-element elementor-element-e252617 elementor-widget__width-initial elementor-widget elementor-widget-text-editor\" data-id=\"e252617\" data-element_type=\"widget\" data-widget_type=\"text-editor.default\">\n\t\t\t\t<div class=\"elementor-widget-container\">\n\t\t\t\t\t\t\t\t\t<div><div style=\"margin: 0px 0px 35px; padding: 0px; border: 0px; vertical-align: baseline; background: transparent; color: #000000; font-size: 12px; outline: none !important;\"><div style=\"margin: 0px; padding: 0px; border: 0px; vertical-align: baseline; background: transparent; outline: none !important;\"><div style=\"margin: 0px 0px 35px; padding: 0px; border: 0px; vertical-align: baseline; background: transparent; outline: none !important;\"><div style=\"margin: 0px; padding: 0px; border: 0px; vertical-align: baseline; background: transparent; outline: none !important;\"><p style=\"margin-right: 0px; margin-bottom: 50px; margin-left: 0px; padding: 0px; border: 0px; vertical-align: baseline; background: transparent; font-size: 19px; color: #505050; line-height: 34px; outline: none !important;\">Riesgos agravados por actores externos malignos. El apoyo t\u00e9cnico militar iran\u00ed y ruso al r\u00e9gimen de Maduro en Venezuela se ha movilizado cerca de la frontera, en el estado de Apure, para un ejercicio militar denominado \u00abEscudo Bolivariano\u00bb. Al igual que ha hecho Putin en Kazajist\u00e1n y Bielorrusia, Nicol\u00e1s Maduro utiliza los ejercicios militares como pretexto para movimientos de tropas y movilizaciones de masas, as\u00ed como propaganda. Mientras tanto, el r\u00e9gimen de Maduro intensifica las amenazas contra los miembros de la oposici\u00f3n y reprime a la prensa venezolana, en particular a El Nacional, uno de los \u00faltimos peri\u00f3dicos independientes de Venezuela.<\/p><\/div><\/div><div style=\"margin: 0px 0px 35px; padding: 0px; border: 0px; vertical-align: baseline; background: transparent; outline: none !important;\"><div style=\"margin: 0px; padding: 0px; border: 0px; vertical-align: baseline; background: transparent; outline: none !important;\"><p style=\"margin-right: 0px; margin-bottom: 50px; margin-left: 0px; padding: 0px; border: 0px; vertical-align: baseline; background: transparent; font-size: 19px; color: #505050; line-height: 34px; outline: none !important;\">En Nicaragua, la toma de posesi\u00f3n ileg\u00edtima del dictador Daniel Ortega el 10 de enero brind\u00f3 la oportunidad de viajar a Managua a una galer\u00eda de l\u00edderes autoritarios, entre los que se encontraban el cubano Miguel D\u00edaz-Canel y el vicepresidente iran\u00ed para Asuntos Econ\u00f3micos, Mohsen Rezaee, que tiene una notificaci\u00f3n roja de Interpol por su papel en el atentado contra la AMIA de 1994 en Argentina. La vecina Honduras tambi\u00e9n celebr\u00f3 el 27 de enero una toma de posesi\u00f3n de la nueva presidenta Xiomara Castro, a la que asistieron el ministro de Exteriores de Maduro, F\u00e9lix Plasencia, y la ex ministra venezolana de la Mujer y la Igualdad de G\u00e9nero, Margaud Godoy, que fue nombrada nueva embajadora en Honduras.<\/p><p>\u00a0<\/p><p style=\"margin-right: 0px; margin-bottom: 0px; margin-left: 0px; padding: 0px; border: 0px; vertical-align: baseline; background: transparent; font-size: 19px; color: #505050; line-height: 34px; outline: none !important;\"><span style=\"background-color: transparent;\">M\u00e1s al sur, en Per\u00fa, el Presidente Petro Castillo lucha por mantener un gabinete coherente, teniendo que remodelar a sus ministros por tercera vez en seis meses. Desde que asumi\u00f3 el cargo el pasado mes de julio, Castillo ha tenido cuatro primeros ministros, tres ministros de Asuntos Exteriores y dos ministros de Econom\u00eda. Pero la \u00faltima dimisi\u00f3n de su primer ministro se produjo tras una reciente entrevista con Fernando Del Rinc\u00f3n, de CNN en Espa\u00f1ol, en la que el presidente Castillo aludi\u00f3 a abrir la puerta para que Bolivia recupere su acceso al mar. Esto pone en entredicho la influencia del boliviano Evo Morales, que ha visitado Per\u00fa varias veces en los \u00faltimos seis meses, y arroja luz sobre el historial de derechos humanos del gobierno de Arce.<\/span><\/p><\/div><\/div><div style=\"margin: 0px 0px 35px; padding: 0px; border: 0px; vertical-align: baseline; background: transparent; outline: none !important;\"><div style=\"margin: 0px; padding: 0px; border: 0px; vertical-align: baseline; background: transparent; outline: none !important;\"><p style=\"margin-right: 0px; margin-bottom: 50px; margin-left: 0px; padding: 0px; border: 0px; vertical-align: baseline; background: transparent; font-size: 19px; color: #505050; line-height: 34px; outline: none !important;\">El juicio contra la ex presidenta Jeanine A\u00f1ez, previsto para febrero, se suspendi\u00f3 despu\u00e9s de que un grupo de 21 ex presidentes latinoamericanos pidiera a Naciones Unidas que visitara a A\u00f1ez e investigara posibles abusos de poder durante su incraceraci\u00f3n.<\/p><p style=\"margin-right: 0px; margin-bottom: 0px; margin-left: 0px; padding: 0px; border: 0px; vertical-align: baseline; background: transparent; font-size: 19px; color: #505050; line-height: 34px; outline: none !important;\">\u00a0<\/p><\/div><\/div><div style=\"margin: 0px -15px; padding: 0px; border: 0px; vertical-align: baseline; background: transparent; outline: none !important;\"><div style=\"margin: 0px; padding: 0px 40px; border: 0px; vertical-align: baseline; background: transparent; width: 301.656px; position: relative; min-height: 1px; float: left; outline: none !important;\"><div style=\"margin: 0px; padding: 0px 15px; border: 0px; vertical-align: baseline; background: transparent; width: 221.656px; outline: none !important;\"><div style=\"margin: 0px; padding: 0px; border: 0px; vertical-align: baseline; background: transparent; outline: none !important;\">\u00a0<\/div><\/div><\/div><div style=\"margin: 0px; padding: 0px 40px; border: 0px; vertical-align: baseline; background: transparent; width: 301.656px; position: relative; min-height: 1px; float: left; outline: none !important;\"><div style=\"margin: 0px; padding: 0px 15px; border: 0px; vertical-align: baseline; background: transparent; width: 221.656px; outline: none !important;\"><div style=\"margin: 0px; padding: 0px; border: 0px; vertical-align: baseline; background: transparent; outline: none !important;\"><div style=\"margin: 0px 0px 21.74px; padding: 0px; border: 0px; vertical-align: baseline; background: transparent; max-width: 100%; text-align: center; outline: none !important;\"><a style=\"color: #ffffff; background: linear-gradient(rgba(0, 0, 0, 0), rgba(0, 0, 0, 0.1) 50%, rgba(0, 0, 0, 0.1)) 0px -100% \/ 200% repeat-x #f2b01f; margin: 0px; padding: 14px 20px; border: 1px solid transparent; vertical-align: middle; transition: all 0.2s ease-in-out 0s; display: inline-block; cursor: pointer; overflow-wrap: break-word; user-select: none; position: relative; top: 0px; line-height: normal; font-size: 14px; border-radius: 5px; outline: none !important;\" title=\"\" href=\"https:\/\/www.securefreesociety.org\/wp-content\/uploads\/2022\/02\/2022_01_VRIC-BTN.docx-2.pdf\" target=\"_blank\" rel=\"noopener\">ACTIVIDADES Y AMENAZAS DE LA RED BOLIVARIANA &#8211; ENERO &amp; FEBRERO DE 2022<\/a><\/div><\/div><\/div><\/div><\/div><\/div><\/div><\/div><div>\u00a0<\/div>\t\t\t\t\t\t\t\t<\/div>\n\t\t\t\t<\/div>\n\t\t\t\t<div class=\"elementor-element elementor-element-a190c53 elementor-widget elementor-widget-image\" data-id=\"a190c53\" data-element_type=\"widget\" data-widget_type=\"image.default\">\n\t\t\t\t<div class=\"elementor-widget-container\">\n\t\t\t\t\t\t\t\t\t\t\t\t\t\t\t<img decoding=\"async\" width=\"800\" height=\"334\" src=\"https:\/\/vric.securefreesociety.org\/wp-content\/uploads\/2023\/07\/russiacovermonitor-1536x640-1-1024x427.jpg\" class=\"attachment-large size-large wp-image-2889\" alt=\"\" srcset=\"https:\/\/vric.securefreesociety.org\/wp-content\/uploads\/2023\/07\/russiacovermonitor-1536x640-1-1024x427.jpg 1024w, https:\/\/vric.securefreesociety.org\/wp-content\/uploads\/2023\/07\/russiacovermonitor-1536x640-1-300x125.jpg 300w, https:\/\/vric.securefreesociety.org\/wp-content\/uploads\/2023\/07\/russiacovermonitor-1536x640-1-768x320.jpg 768w, https:\/\/vric.securefreesociety.org\/wp-content\/uploads\/2023\/07\/russiacovermonitor-1536x640-1.jpg 1536w\" sizes=\"(max-width: 800px) 100vw, 800px\" \/>\t\t\t\t\t\t\t\t\t\t\t\t\t\t\t<\/div>\n\t\t\t\t<\/div>\n\t\t\t\t<div class=\"elementor-element elementor-element-e23d85f elementor-widget__width-initial elementor-widget elementor-widget-text-editor\" data-id=\"e23d85f\" data-element_type=\"widget\" data-widget_type=\"text-editor.default\">\n\t\t\t\t<div class=\"elementor-widget-container\">\n\t\t\t\t\t\t\t\t\t<div class=\"wpb_text_column wpb_content_element \"><div class=\"wpb_wrapper\"><div class=\"wpb_text_column wpb_content_element \"><div class=\"wpb_wrapper\"><div class=\"wpb_text_column wpb_content_element \"><div class=\"wpb_wrapper\"><div class=\"wpb_text_column wpb_content_element \"><div class=\"wpb_wrapper\"><div class=\"wpb_text_column wpb_content_element \" style=\"margin: 0px 0px 35px; padding: 0px; border: 0px; vertical-align: baseline; background: transparent; color: #000000; font-size: 12px; outline: none !important;\"><div class=\"wpb_wrapper\" style=\"margin: 0px; padding: 0px; border: 0px; vertical-align: baseline; background: transparent; outline: none !important;\"><p style=\"margin-right: 0px; margin-bottom: 0px; margin-left: 0px; padding: 0px; border: 0px; vertical-align: baseline; background: transparent; font-size: 19px; color: #000; line-height: 34px; outline: none !important;\">Mientras el mundo observa los movimientos militares de Rusia en la frontera de Ucrania, el apoyo militar que Mosc\u00fa presta al r\u00e9gimen de Maduro de Venezuela sali\u00f3 a la luz durante una conferencia de prensa el 13 de enero. En respuesta a un periodista, el viceministro de Asuntos Exteriores ruso, Sergei Ryabkov, advirti\u00f3 que Rusia no descartar\u00eda el despliegue de \u00abactivos militares\u00bb en Venezuela y Cuba si la crisis de Ucrania se intensifica. Sin embargo, esos \u00abactivos militares\u00bb rusos ya han sido desplegados en Am\u00e9rica Latina.<\/p><\/div><\/div><\/div><\/div><\/div><\/div><\/div><\/div><\/div><\/div>\t\t\t\t\t\t\t\t<\/div>\n\t\t\t\t<\/div>\n\t\t\t\t<div class=\"elementor-element elementor-element-1b8d8fd elementor-widget__width-initial elementor-blockquote--skin-border elementor-widget elementor-widget-blockquote\" data-id=\"1b8d8fd\" data-element_type=\"widget\" data-widget_type=\"blockquote.default\">\n\t\t\t\t<div class=\"elementor-widget-container\">\n\t\t\t\t\t\t\t<blockquote class=\"elementor-blockquote\">\n\t\t\t<p class=\"elementor-blockquote__content\">\n\t\t\t\t<strong style=\"font-weight: bold;margin: 0px;padding: 0px;border: 0px;vertical-align: baseline;background: transparent;font-size: 19px;font-style: italic\">Esto fue confirmado en Colombia cuando el Ministro de Defensa Diego Molano, citando fuentes de inteligencia, dijo que el apoyo militar de Rusia a Venezuela est\u00e1 en su frontera frente a la provincia colombiana de Arauca. El apoyo incluye a 68 militares rusos que llegaron a Venezuela en enero para el supuesto mantenimiento de los Sukhoi Su-30.<\/strong>\t\t\t<\/p>\n\t\t\t\t\t<\/blockquote>\n\t\t\t\t\t\t<\/div>\n\t\t\t\t<\/div>\n\t\t\t\t<div class=\"elementor-element elementor-element-7b636c7 elementor-widget__width-initial elementor-widget elementor-widget-text-editor\" data-id=\"7b636c7\" data-element_type=\"widget\" data-widget_type=\"text-editor.default\">\n\t\t\t\t<div class=\"elementor-widget-container\">\n\t\t\t\t\t\t\t\t\t<div class=\"wpb_text_column wpb_content_element \"><div class=\"wpb_wrapper\"><div class=\"wpb_text_column wpb_content_element \"><div class=\"wpb_wrapper\"><div class=\"wpb_text_column wpb_content_element \"><div class=\"wpb_wrapper\"><div class=\"wpb_text_column wpb_content_element \"><div class=\"wpb_wrapper\"><div class=\"wpb_text_column wpb_content_element \" style=\"margin: 0px 0px 35px; padding: 0px; border: 0px; vertical-align: baseline; background: transparent; color: #000000; font-size: 12px; outline: none !important;\"><div class=\"wpb_wrapper\" style=\"margin: 0px; padding: 0px; border: 0px; vertical-align: baseline; background: transparent; outline: none !important;\"><div class=\"wpb_text_column wpb_content_element \" style=\"margin: 0px 0px 35px; padding: 0px; border: 0px; vertical-align: baseline; background: transparent; outline: none !important;\"><div class=\"wpb_wrapper\" style=\"margin: 0px; padding: 0px; border: 0px; vertical-align: baseline; background: transparent; outline: none !important;\"><p style=\"margin-right: 0px; margin-bottom: 50px; margin-left: 0px; padding: 0px; border: 0px; vertical-align: baseline; background: transparent; font-size: 19px; color: #505050; line-height: 34px; outline: none !important;\">Posteriormente, el Gobierno colombiano mantuvo una reuni\u00f3n con el embajador ruso en Bogot\u00e1, Nikolay Tavdumadze, quien asegur\u00f3 al presidente Duque que el material militar ruso en Venezuela no ser\u00eda utilizado para atacar a Colombia ni caer\u00eda en manos de actores il\u00edcitos y terroristas que operan en la frontera. Una promesa que ser\u00e1 dif\u00edcil de cumplir teniendo en cuenta los estrechos v\u00ednculos entre el r\u00e9gimen venezolano de Maduro y los grupos armados ilegales y las milicias civiles.<\/p><p style=\"margin-right: 0px; margin-bottom: 0px; margin-left: 0px; padding: 0px; border: 0px; vertical-align: baseline; background: transparent; font-size: 19px; color: #505050; line-height: 34px; outline: none !important;\">\u00a0<\/p><\/div><\/div><div class=\"wpb_text_column wpb_content_element \" style=\"margin: 0px 0px 35px; padding: 0px; border: 0px; vertical-align: baseline; background: transparent; outline: none !important;\"><div class=\"wpb_wrapper\" style=\"margin: 0px; padding: 0px; border: 0px; vertical-align: baseline; background: transparent; outline: none !important;\"><p style=\"margin-right: 0px; margin-bottom: 50px; margin-left: 0px; padding: 0px; border: 0px; vertical-align: baseline; background: transparent; font-size: 19px; color: #505050; line-height: 34px; outline: none !important;\"><span style=\"margin: 0px; padding: 0px; border: 0px; vertical-align: baseline; background: transparent; color: #000; outline: none !important;\">Altos funcionarios estadounidenses realizaron una visita de dos d\u00edas a Bogot\u00e1 los d\u00edas 7 y 8 de febrero para alertar al gobierno colombiano de los riesgos de actores externos que intentan inmiscuirse en las pr\u00f3ximas elecciones de marzo y mayo.<strong style=\"font-weight: bold; margin: 0px; padding: 0px; border: 0px; vertical-align: baseline; background: transparent; outline: none !important;\"> Aunque no se nombr\u00f3 a ning\u00fan actor externo espec\u00edfico, El Tiempo public\u00f3 un art\u00edculo, citando a la inteligencia colombiana, seg\u00fan el cual varias transferencias electr\u00f3nicas procedentes de Rusia por un total de 30 millones de pesos al d\u00eda (aproximadamente 7.500 d\u00f3lares) llegaron a las cuentas bancarias de docenas de ciudadanos colombianos que se re\u00fanen en un piso franco local en el barrio Rosales de Bogot\u00e1. Estas peque\u00f1as transferencias se han intensificado a medida que se acercan las elecciones legislativas del 13 de marzo.<\/strong><\/span><\/p><p style=\"margin-right: 0px; margin-bottom: 0px; margin-left: 0px; padding: 0px; border: 0px; vertical-align: baseline; background: transparent; font-size: 19px; color: #505050; line-height: 34px; outline: none !important;\">\u00a0<\/p><\/div><\/div><div class=\"wpb_text_column wpb_content_element \" style=\"margin: 0px 0px 35px; padding: 0px; border: 0px; vertical-align: baseline; background: transparent; outline: none !important;\"><div class=\"wpb_wrapper\" style=\"margin: 0px; padding: 0px; border: 0px; vertical-align: baseline; background: transparent; outline: none !important;\"><p style=\"margin-right: 0px; margin-bottom: 50px; margin-left: 0px; padding: 0px; border: 0px; vertical-align: baseline; background: transparent; font-size: 19px; color: #505050; line-height: 34px; outline: none !important;\">En Mosc\u00fa, Vlad\u00edmir Putin recibi\u00f3 en febrero las visitas presidenciales de alto nivel del presidente argentino, Alberto Fern\u00e1ndez, y del presidente brasile\u00f1o, Jair Bolsonaro. El primero, el presidente Fern\u00e1ndez, ofreci\u00f3 Argentina como \u00abpuerta de entrada\u00bb para que Rusia ampl\u00ede su presencia en Am\u00e9rica Latina. Mientras que el segundo, el presidente Bolsonaro, busca acuerdos agroindustriales y de fertilizantes en un momento en que Rusia amenaza a sus vecinos europeos.<\/p><p style=\"margin-right: 0px; margin-bottom: 0px; margin-left: 0px; padding: 0px; border: 0px; vertical-align: baseline; background: transparent; font-size: 19px; color: #505050; line-height: 34px; outline: none !important;\">\u00a0<\/p><\/div><\/div><div class=\"vc_row wpb_row vc_inner vc_row-fluid\" style=\"margin: 0px -15px; padding: 0px; border: 0px; vertical-align: baseline; background: transparent; outline: none !important;\"><div class=\"wpb_column vc_column_container vc_col-sm-4\" style=\"margin: 0px; padding: 0px 40px; border: 0px; vertical-align: baseline; background: transparent; width: 301.656px; position: relative; min-height: 1px; float: left; outline: none !important;\"><div class=\"vc_column-inner \" style=\"margin: 0px; padding: 0px 15px; border: 0px; vertical-align: baseline; background: transparent; width: 221.656px; outline: none !important;\"><div class=\"wpb_wrapper\" style=\"margin: 0px; padding: 0px; border: 0px; vertical-align: baseline; background: transparent; outline: none !important;\">\u00a0<\/div><\/div><\/div><div class=\"wpb_column vc_column_container vc_col-sm-4\" style=\"margin: 0px; padding: 0px 40px; border: 0px; vertical-align: baseline; background: transparent; width: 301.656px; position: relative; min-height: 1px; float: left; outline: none !important;\"><div class=\"vc_column-inner \" style=\"margin: 0px; padding: 0px 15px; border: 0px; vertical-align: baseline; background: transparent; width: 221.656px; outline: none !important;\"><div class=\"wpb_wrapper\" style=\"margin: 0px; padding: 0px; border: 0px; vertical-align: baseline; background: transparent; outline: none !important;\"><div class=\"vc_btn3-container vc_btn3-center\" style=\"margin: 0px 0px 21.74px; padding: 0px; border: 0px; vertical-align: baseline; background: transparent; max-width: 100%; text-align: center; outline: none !important;\"><a class=\"vc_general vc_btn3 vc_btn3-size-md vc_btn3-shape-rounded vc_btn3-style-custom\" style=\"color: #ffffff; background: linear-gradient(rgba(0, 0, 0, 0), rgba(0, 0, 0, 0.1) 50%, rgba(0, 0, 0, 0.1)) 0px -100% \/ 200% repeat-x #f2b01f; margin: 0px; padding: 14px 20px; border: 1px solid transparent; vertical-align: middle; transition: all 0.2s ease-in-out 0s; display: inline-block; cursor: pointer; overflow-wrap: break-word; user-select: none; position: relative; top: 0px; line-height: normal; font-size: 14px; border-radius: 5px; outline: none !important;\" title=\"\" href=\"https:\/\/www.securefreesociety.org\/wp-content\/uploads\/2022\/02\/2022_01_VRIC-RUSSIA.docx1_.pdf\" target=\"_blank\" rel=\"noopener\">ACTIVIDADES DE RUSIA EN LATINOAM\u00c9RICA &#8211; ENERO &amp; FEBRERO 2022<\/a><\/div><div>\u00a0<\/div><\/div><\/div><\/div><\/div><\/div><\/div><\/div><\/div><div class=\"wpb_text_column wpb_content_element \">\u00a0<\/div><\/div><\/div><\/div><\/div><\/div><\/div>\t\t\t\t\t\t\t\t<\/div>\n\t\t\t\t<\/div>\n\t\t\t\t<div class=\"elementor-element elementor-element-186984a elementor-widget__width-initial elementor-widget elementor-widget-image\" data-id=\"186984a\" data-element_type=\"widget\" data-widget_type=\"image.default\">\n\t\t\t\t<div class=\"elementor-widget-container\">\n\t\t\t\t\t\t\t\t\t\t\t\t\t\t\t<img loading=\"lazy\" decoding=\"async\" width=\"800\" height=\"334\" src=\"https:\/\/vric.securefreesociety.org\/wp-content\/uploads\/2023\/06\/irancoverfinal-1-1024x427.jpg\" class=\"attachment-large size-large wp-image-2860\" alt=\"\" srcset=\"https:\/\/vric.securefreesociety.org\/wp-content\/uploads\/2023\/06\/irancoverfinal-1-1024x427.jpg 1024w, https:\/\/vric.securefreesociety.org\/wp-content\/uploads\/2023\/06\/irancoverfinal-1-300x125.jpg 300w, https:\/\/vric.securefreesociety.org\/wp-content\/uploads\/2023\/06\/irancoverfinal-1-768x320.jpg 768w, https:\/\/vric.securefreesociety.org\/wp-content\/uploads\/2023\/06\/irancoverfinal-1-1536x640.jpg 1536w, https:\/\/vric.securefreesociety.org\/wp-content\/uploads\/2023\/06\/irancoverfinal-1.jpg 1920w\" sizes=\"(max-width: 800px) 100vw, 800px\" \/>\t\t\t\t\t\t\t\t\t\t\t\t\t\t\t<\/div>\n\t\t\t\t<\/div>\n\t\t\t\t<div class=\"elementor-element elementor-element-a19423a elementor-widget__width-initial elementor-widget elementor-widget-text-editor\" data-id=\"a19423a\" data-element_type=\"widget\" data-widget_type=\"text-editor.default\">\n\t\t\t\t<div class=\"elementor-widget-container\">\n\t\t\t\t\t\t\t\t\t<div class=\"wpb_text_column wpb_content_element \"><div class=\"wpb_wrapper\"><div class=\"wpb_text_column wpb_content_element \"><div class=\"wpb_wrapper\"><div class=\"wpb_text_column wpb_content_element \"><div class=\"wpb_wrapper\"><div class=\"wpb_text_column wpb_content_element \"><div class=\"wpb_wrapper\"><div class=\"wpb_text_column wpb_content_element \"><div class=\"wpb_wrapper\"><div class=\"wpb_text_column wpb_content_element \" style=\"margin: 0px 0px 35px; padding: 0px; border: 0px; vertical-align: baseline; background: transparent; color: #000000; font-size: 12px; outline: none !important;\"><div class=\"wpb_wrapper\" style=\"margin: 0px; padding: 0px; border: 0px; vertical-align: baseline; background: transparent; outline: none !important;\"><p style=\"margin-right: 0px; margin-bottom: 0px; margin-left: 0px; padding: 0px; border: 0px; vertical-align: baseline; background: transparent; font-size: 19px; color: #505050; line-height: 34px; outline: none !important;\">En enero se produjo un incidente internacional cuando el vicepresidente iran\u00ed para Asuntos Econ\u00f3micos, Mohsen Rezaee, aterriz\u00f3 en Managua durante cuatro d\u00edas para asistir a la toma de posesi\u00f3n de Daniel Ortega e incrementar la cooperaci\u00f3n bilateral Ir\u00e1n-Nicaragua. Rezaee, buscado por su papel en el atentado terrorista contra la AMIA de 1994, eludi\u00f3 una orden de detenci\u00f3n internacional de Argentina con la ayuda de Nicaragua, pero tambi\u00e9n por la pasividad del Gobierno de Alberto Fern\u00e1ndez. Un incidente similar ocurri\u00f3 en 2011, cuando Ahmad Vahidi, ex ministro de Defensa iran\u00ed y actual ministro del Interior, realiz\u00f3 una apresurada visita a Bolivia haciendo caso omiso de una notificaci\u00f3n roja de INTERPOL.<\/p><\/div><\/div><\/div><\/div><\/div><\/div><\/div><\/div><\/div><\/div><\/div><\/div>\t\t\t\t\t\t\t\t<\/div>\n\t\t\t\t<\/div>\n\t\t\t\t<div class=\"elementor-element elementor-element-376e7bc elementor-widget__width-initial elementor-blockquote--skin-border elementor-widget elementor-widget-blockquote\" data-id=\"376e7bc\" data-element_type=\"widget\" data-widget_type=\"blockquote.default\">\n\t\t\t\t<div class=\"elementor-widget-container\">\n\t\t\t\t\t\t\t<blockquote class=\"elementor-blockquote\">\n\t\t\t<p class=\"elementor-blockquote__content\">\n\t\t\t\t<strong style=\"font-weight: bold;margin: 0px;padding: 0px;border: 0px;vertical-align: baseline;background: transparent;font-size: 19px;font-style: italic\">Desde 2011, Bolivia se ha convertido en uno de los principales socios estrat\u00e9gicos de Ir\u00e1n en Am\u00e9rica Latina. Esto qued\u00f3 ejemplificado el 11 de febrero, cuando el presidente boliviano, Luis Arce, hizo una declaraci\u00f3n p\u00fablica en Twitter apoyando la revoluci\u00f3n iran\u00ed en su 43 aniversario.\n<\/strong>\t\t\t<\/p>\n\t\t\t\t\t<\/blockquote>\n\t\t\t\t\t\t<\/div>\n\t\t\t\t<\/div>\n\t\t\t\t<div class=\"elementor-element elementor-element-be215cf elementor-widget__width-initial elementor-widget elementor-widget-text-editor\" data-id=\"be215cf\" data-element_type=\"widget\" data-widget_type=\"text-editor.default\">\n\t\t\t\t<div class=\"elementor-widget-container\">\n\t\t\t\t\t\t\t\t\t<div>\n<div>\n<div>\n<div>\n<div>\n<div>\n<div>\n<div>\n<div>\n<div>\n<div style=\"margin: 0px 0px 35px; padding: 0px; border: 0px; vertical-align: baseline; background: transparent; color: #000000; font-size: 12px; outline: none !important;\">\n<div style=\"margin: 0px; padding: 0px; border: 0px; vertical-align: baseline; background: transparent; outline: none !important;\">\n<div style=\"margin: 0px 0px 35px; padding: 0px; border: 0px; vertical-align: baseline; background: transparent; outline: none !important;\">\n<div style=\"margin: 0px; padding: 0px; border: 0px; vertical-align: baseline; background: transparent; outline: none !important;\">\n<p style=\"margin-right: 0px; margin-bottom: 0px; margin-left: 0px; padding: 0px; border: 0px; vertical-align: baseline; background: transparent; font-size: 19px; color: #505050; line-height: 34px; outline: none !important;\">Entre bastidores, las relaciones bilaterales se intensifican, con una nueva C\u00e1mara de Comercio Conjunta Ir\u00e1n-Bolivia que se activar\u00e1 en un par de meses y un vuelo directo La Paz-Teher\u00e1n en preparaci\u00f3n. Como complemento a los vuelos directos Caracas-Teher\u00e1n que comenzar\u00e1n en marzo.<\/p>\n\n<\/div>\n<\/div>\n<div style=\"margin: 0px 0px 35px; padding: 0px; border: 0px; vertical-align: baseline; background: transparent; outline: none !important;\">\n<div style=\"margin: 0px; padding: 0px; border: 0px; vertical-align: baseline; background: transparent; outline: none !important;\">\n<p style=\"margin-right: 0px; margin-bottom: 0px; margin-left: 0px; padding: 0px; border: 0px; vertical-align: baseline; background: transparent; font-size: 19px; color: #505050; line-height: 34px; outline: none !important;\">Recientemente, un periodista boliviano inform\u00f3 de un viaje a Caracas el a\u00f1o pasado del hijo mayor del Presidente boliviano Arce. Acompa\u00f1ado de una comitiva privada, que inclu\u00eda a un ciudadano iran\u00ed, Luis Marcelo Arce Mosquiera habr\u00eda iniciado en abril de 2021 los tr\u00e1mites para poner una importante planta de fertilizantes en Cochabamba, la Planta de Urea y Amon\u00edaco (PAU) de Bulo Bulo, bajo el control del r\u00e9gimen venezolano de Maduro.<\/p>\n\n<\/div>\n<\/div>\n<div style=\"margin: 0px 0px 35px; padding: 0px; border: 0px; vertical-align: baseline; background: transparent; outline: none !important;\">\n<div style=\"margin: 0px; padding: 0px; border: 0px; vertical-align: baseline; background: transparent; outline: none !important;\">\n<p style=\"margin-right: 0px; margin-bottom: 0px; margin-left: 0px; padding: 0px; border: 0px; vertical-align: baseline; background: transparent; font-size: 19px; color: #505050; line-height: 34px; outline: none !important;\">Casi un a\u00f1o despu\u00e9s, Ir\u00e1n participa activamente en la industria petrolera y petroqu\u00edmica de Venezuela, enviando recientemente su mayor cargamento de crudo a Venezuela el 28 de enero. Poco despu\u00e9s de la entrega, el embajador venezolano en Teher\u00e1n, Carlos Antonio Alcal\u00e1 Cardones, habl\u00f3 con Tehran Times para elogiar la cooperaci\u00f3n estrat\u00e9gica Ir\u00e1n-Venezuela y declar\u00f3 que <span style=\"margin: 0px; padding: 0px; border: 0px; vertical-align: baseline; background: transparent; color: #000; outline: none !important;\"><em style=\"margin: 0px; padding: 0px; border: 0px; vertical-align: baseline; background: transparent; outline: none !important;\">\u00aben la cooperaci\u00f3n de seguridad y defensa, nosotros [Venezuela] tenemos la libertad de comprar sistemas de armas iran\u00edes.\u00bb<\/em><\/span><\/p>\n\n<\/div>\n<\/div>\n<div style=\"margin: 0px -15px; padding: 0px; border: 0px; vertical-align: baseline; background: transparent; outline: none !important;\">\n<div style=\"margin: 0px; padding: 0px 40px; border: 0px; vertical-align: baseline; background: transparent; width: 301.656px; position: relative; min-height: 1px; float: left; outline: none !important;\">\n<div style=\"margin: 0px; padding: 0px 15px; border: 0px; vertical-align: baseline; background: transparent; width: 221.656px; outline: none !important;\">\n<div style=\"margin: 0px; padding: 0px; border: 0px; vertical-align: baseline; background: transparent; outline: none !important;\"><\/div>\n<\/div>\n<\/div>\n<div style=\"margin: 0px; padding: 0px 40px; border: 0px; vertical-align: baseline; background: transparent; width: 301.656px; position: relative; min-height: 1px; float: left; outline: none !important;\">\n<div style=\"margin: 0px; padding: 0px 15px; border: 0px; vertical-align: baseline; background: transparent; width: 221.656px; outline: none !important;\">\n<div style=\"margin: 0px; padding: 0px; border: 0px; vertical-align: baseline; background: transparent; outline: none !important;\">\n<div style=\"margin: 0px 0px 21.74px; padding: 0px; border: 0px; vertical-align: baseline; background: transparent; max-width: 100%; text-align: center; outline: none !important;\"><a style=\"color: #ffffff; background: linear-gradient(rgba(0, 0, 0, 0), rgba(0, 0, 0, 0.1) 50%, rgba(0, 0, 0, 0.1)) 0px -100% \/ 200% repeat-x #f2b01f; margin: 0px; padding: 14px 20px; border: 1px solid transparent; vertical-align: middle; transition: all 0.2s ease-in-out 0s; display: inline-block; cursor: pointer; overflow-wrap: break-word; user-select: none; position: relative; top: 0px; line-height: normal; font-size: 14px; border-radius: 5px; outline: none !important;\" title=\"\" href=\"https:\/\/www.securefreesociety.org\/wp-content\/uploads\/2022\/02\/IRAN_01_2022.docx1_.pdf\" target=\"_blank\" rel=\"noopener\">ACTIVIDADES DE IR\u00c1N EN LATINOAM\u00c9RICA &#8211; ENERO &amp; FEBRERO 2022<\/a><\/div>\n<\/div>\n<\/div>\n<\/div>\n<\/div>\n<\/div>\n<\/div>\n<\/div>\n<\/div>\n<\/div>\n<\/div>\n<\/div>\n<\/div>\n<\/div>\n<\/div>\n<\/div>\n<\/div>\t\t\t\t\t\t\t\t<\/div>\n\t\t\t\t<\/div>\n\t\t\t\t<div class=\"elementor-element elementor-element-cab0337 elementor-widget__width-initial elementor-widget elementor-widget-image\" data-id=\"cab0337\" data-element_type=\"widget\" data-widget_type=\"image.default\">\n\t\t\t\t<div class=\"elementor-widget-container\">\n\t\t\t\t\t\t\t\t\t\t\t\t\t\t\t<img loading=\"lazy\" decoding=\"async\" width=\"800\" height=\"334\" src=\"https:\/\/vric.securefreesociety.org\/wp-content\/uploads\/2023\/06\/chinacover-1024x427.jpg\" class=\"attachment-large size-large wp-image-2848\" alt=\"\" srcset=\"https:\/\/vric.securefreesociety.org\/wp-content\/uploads\/2023\/06\/chinacover-1024x427.jpg 1024w, https:\/\/vric.securefreesociety.org\/wp-content\/uploads\/2023\/06\/chinacover-300x125.jpg 300w, https:\/\/vric.securefreesociety.org\/wp-content\/uploads\/2023\/06\/chinacover-768x320.jpg 768w, https:\/\/vric.securefreesociety.org\/wp-content\/uploads\/2023\/06\/chinacover-1536x640.jpg 1536w, https:\/\/vric.securefreesociety.org\/wp-content\/uploads\/2023\/06\/chinacover.jpg 1920w\" sizes=\"(max-width: 800px) 100vw, 800px\" \/>\t\t\t\t\t\t\t\t\t\t\t\t\t\t\t<\/div>\n\t\t\t\t<\/div>\n\t\t\t\t<div class=\"elementor-element elementor-element-191fed0 elementor-widget__width-initial elementor-widget elementor-widget-text-editor\" data-id=\"191fed0\" data-element_type=\"widget\" data-widget_type=\"text-editor.default\">\n\t\t\t\t<div class=\"elementor-widget-container\">\n\t\t\t\t\t\t\t\t\t<div><div><div><div><div><div><div><div><div><div><div style=\"margin: 0px 0px 35px; padding: 0px; border: 0px; vertical-align: baseline; background: transparent; color: #000000; font-size: 12px; outline: none !important;\"><div style=\"margin: 0px; padding: 0px; border: 0px; vertical-align: baseline; background: transparent; outline: none !important;\"><div style=\"margin: 0px 0px 35px; padding: 0px; border: 0px; vertical-align: baseline; background: transparent; outline: none !important;\"><div style=\"margin: 0px; padding: 0px; border: 0px; vertical-align: baseline; background: transparent; outline: none !important;\"><p style=\"margin-right: 0px; margin-bottom: 50px; margin-left: 0px; padding: 0px; border: 0px; vertical-align: baseline; background: transparent; font-size: 19px; color: #505050; line-height: 34px; outline: none !important;\">La estrategia de China en Am\u00e9rica Latina se ha mantenido constante, participando en acuerdos de infraestructura y energ\u00eda en toda la regi\u00f3n. En 2022, Argentina ha sido uno de los principales objetivos. A mediados de enero, el presidente argentino Alberto Fern\u00e1ndez asumi\u00f3 la presidencia pro tempore de la Comunidad de Estados Latinoamericanos y Caribe\u00f1os (CELAC), posicionando al bloque pol\u00edtico regional como una alternativa a la OEA liderada por China.<\/p><\/div><\/div><\/div><\/div><\/div><\/div><\/div><\/div><\/div><\/div><\/div><\/div><\/div><\/div>\t\t\t\t\t\t\t\t<\/div>\n\t\t\t\t<\/div>\n\t\t\t\t<div class=\"elementor-element elementor-element-415da14 elementor-widget__width-initial elementor-blockquote--skin-border elementor-widget elementor-widget-blockquote\" data-id=\"415da14\" data-element_type=\"widget\" data-widget_type=\"blockquote.default\">\n\t\t\t\t<div class=\"elementor-widget-container\">\n\t\t\t\t\t\t\t<blockquote class=\"elementor-blockquote\">\n\t\t\t<p class=\"elementor-blockquote__content\">\n\t\t\t\t<strong style=\"font-weight: bold;margin: 0px;padding: 0px;border: 0px;vertical-align: baseline;background: transparent;font-size: 19px;font-style: italic\">Poco despu\u00e9s, el 6 de febrero, el Presidente Alberto Fern\u00e1ndez visit\u00f3 Pek\u00edn para celebrar el 50 aniversario de los lazos diplom\u00e1ticos entre Argentina y China y sumarse oficialmente a la Iniciativa de la Franja y la Ruta.<\/strong>\t\t\t<\/p>\n\t\t\t\t\t<\/blockquote>\n\t\t\t\t\t\t<\/div>\n\t\t\t\t<\/div>\n\t\t\t\t<div class=\"elementor-element elementor-element-2e6d6f8 elementor-widget__width-initial elementor-widget elementor-widget-text-editor\" data-id=\"2e6d6f8\" data-element_type=\"widget\" data-widget_type=\"text-editor.default\">\n\t\t\t\t<div class=\"elementor-widget-container\">\n\t\t\t\t\t\t\t\t\t<div>\n<div>\n<div>\n<div>\n<div>\n<div>\n<div>\n<div>\n<div>\n<div>\n<div style=\"margin: 0px 0px 35px; padding: 0px; border: 0px; vertical-align: baseline; background: transparent; color: #000000; font-size: 12px; outline: none !important;\">\n<div style=\"margin: 0px; padding: 0px; border: 0px; vertical-align: baseline; background: transparent; outline: none !important;\">\n<div style=\"margin: 0px 0px 35px; padding: 0px; border: 0px; vertical-align: baseline; background: transparent; outline: none !important;\">\n<div style=\"margin: 0px; padding: 0px; border: 0px; vertical-align: baseline; background: transparent; outline: none !important;\">\n<div class=\"wpb_text_column wpb_content_element \" style=\"margin: 0px 0px 35px; padding: 0px; border: 0px; vertical-align: baseline; background: transparent; outline: none !important;\">\n<div class=\"wpb_wrapper\" style=\"margin: 0px; padding: 0px; border: 0px; vertical-align: baseline; background: transparent; outline: none !important;\">\n<p style=\"margin-right: 0px; margin-bottom: 0px; margin-left: 0px; padding: 0px; border: 0px; vertical-align: baseline; background: transparent; font-size: 19px; color: #505050; line-height: 34px; outline: none !important;\">Los florecientes lazos entre Pek\u00edn y Buenos Aires incluyen una empresa minera china, Zijin Mining Group Co Ltd que ya ha acordado invertir 380 millones de d\u00f3lares para construir una planta de carbonato de litio en Argentina y China National Nuclear Corp (CNNC) tambi\u00e9n ha firmado un contrato en Argentina para construir la central nuclear Atucha III de 8.000 millones de d\u00f3lares, reactivando un acuerdo que estaba estancado. Adem\u00e1s, el mes que viene, una delegaci\u00f3n militar argentina viajar\u00e1 a China para discutir un acuerdo bilateral de defensa y la posible compra de aviones chinos.<\/p>\n\n<\/div>\n<\/div>\n<div class=\"wpb_text_column wpb_content_element \" style=\"margin: 0px 0px 35px; padding: 0px; border: 0px; vertical-align: baseline; background: transparent; outline: none !important;\">\n<div class=\"wpb_wrapper\" style=\"margin: 0px; padding: 0px; border: 0px; vertical-align: baseline; background: transparent; outline: none !important;\">\n<p style=\"margin-right: 0px; margin-bottom: 0px; margin-left: 0px; padding: 0px; border: 0px; vertical-align: baseline; background: transparent; font-size: 19px; color: #505050; line-height: 34px; outline: none !important;\">En otros lugares de la regi\u00f3n, la empresa china Sinohydro Bureau planea construir una central energ\u00e9tica de gas en el departamento de Santa Cruz, al este de Bolivia, y la china Great Wall Motor invertir\u00e1 1.810 millones de d\u00f3lares para fabricar veh\u00edculos el\u00e9ctricos en Brasil. Mientras se negocian futuros proyectos de infraestructuras, el Presidente ecuatoriano, Guillermo Lasso, viaj\u00f3 a China el 5 de febrero para negociar la deuda de su pa\u00eds con el gigante asi\u00e1tico. Adem\u00e1s de un nuevo acuerdo sobre la deuda, Lasso pretende conseguir un acuerdo de libre comercio con China.<\/p>\n\n<\/div>\n<\/div>\n<div class=\"wpb_text_column wpb_content_element vc_custom_1645037079596\" style=\"margin: 0px 0px 35px; padding: 0px; border: 0px; vertical-align: baseline; background-image: initial; background-position: initial; background-size: initial; background-repeat: initial; background-attachment: initial; background-origin: initial; background-clip: initial; color: #000000; font-size: 12px; outline: none !important; background-color: #f4f4f4 !important;\">\n<div class=\"wpb_wrapper\" style=\"margin: 0px; padding: 0px; border: 0px; vertical-align: baseline; background: transparent; outline: none !important;\"><\/div>\n<\/div>\n<div class=\"vc_row wpb_row vc_inner vc_row-fluid\" style=\"box-sizing: border-box; outline: none !important; margin: 0px -15px; padding: 0px; border: 0px; vertical-align: baseline; background: transparent; color: #000000; font-family: Rubik, sans-serif; font-size: 12px; font-style: normal; font-variant-ligatures: normal; font-variant-caps: normal; font-weight: 400; letter-spacing: normal; orphans: 2; text-align: left; text-indent: 0px; text-transform: none; widows: 2; word-spacing: 0px; -webkit-text-stroke-width: 0px; white-space: normal; text-decoration-thickness: initial; text-decoration-style: initial; text-decoration-color: initial;\">\n<div class=\"wpb_column vc_column_container vc_col-sm-4\" style=\"box-sizing: border-box; outline: none !important; margin: 0px; padding: 0px 40px; border: 0px; vertical-align: baseline; background: transparent; width: 301.656px; position: relative; min-height: 1px; float: left;\">\n<div class=\"vc_column-inner \" style=\"box-sizing: border-box; outline: none !important; margin: 0px; padding: 0px 15px; border: 0px; vertical-align: baseline; background: transparent; width: 221.656px;\">\n<div class=\"wpb_wrapper\" style=\"box-sizing: border-box; outline: none !important; margin: 0px; padding: 0px; border: 0px; vertical-align: baseline; background: transparent;\"><\/div>\n<\/div>\n<\/div>\n<div class=\"wpb_column vc_column_container vc_col-sm-4\" style=\"box-sizing: border-box; outline: none !important; margin: 0px; padding: 0px 40px; border: 0px; vertical-align: baseline; background: transparent; width: 301.656px; position: relative; min-height: 1px; float: left;\">\n<div class=\"vc_column-inner \" style=\"box-sizing: border-box; outline: none !important; margin: 0px; padding: 0px 15px; border: 0px; vertical-align: baseline; background: transparent; width: 221.656px;\">\n<div class=\"wpb_wrapper\" style=\"box-sizing: border-box; outline: none !important; margin: 0px; padding: 0px; border: 0px; vertical-align: baseline; background: transparent;\">\n<div class=\"vc_btn3-container vc_btn3-center\" style=\"box-sizing: border-box; outline: none !important; margin: 0px 0px 21.74px; padding: 0px; border: 0px; vertical-align: baseline; background: transparent; display: block; max-width: 100%; text-align: center;\"><a class=\"vc_general vc_btn3 vc_btn3-size-md vc_btn3-shape-rounded vc_btn3-style-custom\" style=\"box-sizing: border-box; outline: none !important; color: #ffffff; text-decoration: none; background: linear-gradient(rgba(0, 0, 0, 0), rgba(0, 0, 0, 0.1) 50%, rgba(0, 0, 0, 0.1)) 0px -100% \/ 200% repeat-x #f2b01f; margin: 0px; padding: 14px 20px; border: 1px solid transparent; vertical-align: middle; transition: all 0.2s ease-in-out 0s; display: inline-block; text-align: center; cursor: pointer; overflow-wrap: break-word; user-select: none; position: relative; top: 0px; line-height: normal; font-size: 14px; border-radius: 5px;\" title=\"\" href=\"https:\/\/www.securefreesociety.org\/wp-content\/uploads\/2022\/02\/CHINA_01_2022.docx1_.pdf\" target=\"_blank\" rel=\"noopener\">ACTIVIDADES DE CHINA EN LATINOAM\u00c9RICA &#8211; ENERO &amp; FEBRERO 2022<\/a><\/div>\n<\/div>\n<\/div>\n<\/div>\n<div class=\"wpb_column vc_column_container vc_col-sm-4\" style=\"box-sizing: border-box; outline: none !important; margin: 0px; padding: 0px 40px; border: 0px; vertical-align: baseline; background: transparent; width: 301.656px; position: relative; min-height: 1px; float: left;\">\n<div class=\"vc_column-inner \" style=\"box-sizing: border-box; outline: none !important; margin: 0px; padding: 0px 15px; border: 0px; vertical-align: baseline; background: transparent; width: 221.656px;\">\n<div class=\"wpb_wrapper\" style=\"box-sizing: border-box; outline: none !important; margin: 0px; padding: 0px; border: 0px; vertical-align: baseline; background: transparent;\"><\/div>\n<\/div>\n<\/div>\n<\/div>\n<\/div>\n<\/div>\n<\/div>\n<\/div>\n<\/div>\n<\/div>\n<\/div>\n<\/div>\n<\/div>\n<\/div>\n<\/div>\n<\/div>\n<\/div>\n<\/div>\t\t\t\t\t\t\t\t<\/div>\n\t\t\t\t<\/div>\n\t\t\t\t<div class=\"elementor-element elementor-element-ae1fde9 elementor-widget__width-initial elementor-widget elementor-widget-text-editor\" data-id=\"ae1fde9\" data-element_type=\"widget\" data-widget_type=\"text-editor.default\">\n\t\t\t\t<div class=\"elementor-widget-container\">\n\t\t\t\t\t\t\t\t\t<div class=\"wpb_text_column wpb_content_element \"><div class=\"wpb_wrapper\"><div class=\"wpb_text_column wpb_content_element \"><div class=\"wpb_wrapper\"><div class=\"wpb_text_column wpb_content_element \"><div class=\"wpb_wrapper\"><div class=\"wpb_text_column wpb_content_element \"><div class=\"wpb_wrapper\"><div class=\"wpb_text_column wpb_content_element \"><div class=\"wpb_wrapper\"><div class=\"wpb_text_column wpb_content_element \"><div class=\"wpb_wrapper\"><div class=\"wpb_text_column wpb_content_element vc_custom_1645037079596\"><div class=\"wpb_wrapper\"><div class=\"wpb_text_column wpb_content_element vc_custom_1645037079596\"><div class=\"wpb_wrapper\"><div class=\"wpb_text_column wpb_content_element vc_custom_1645037079596\" style=\"margin: 0px 0px 35px; padding: 0px; border: 0px; vertical-align: baseline; background-image: initial; background-position: initial; background-size: initial; background-repeat: initial; background-attachment: initial; background-origin: initial; background-clip: initial; font-size: 12px; outline: none !important;\"><div class=\"wpb_wrapper\" style=\"margin: 0px; padding: 0px; border: 0px; vertical-align: baseline; background: transparent; outline: none !important;\"><div class=\"wpb_text_column wpb_content_element vc_custom_1645037079596\" style=\"margin: 0px 0px 35px; padding: 0px; border: 0px; vertical-align: baseline; background-image: initial; background-position: initial; background-size: initial; background-repeat: initial; background-attachment: initial; background-origin: initial; background-clip: initial; outline: none !important;\"><div class=\"wpb_wrapper\" style=\"margin: 0px; padding: 0px; border: 0px; vertical-align: baseline; background: transparent; outline: none !important;\"><p style=\"margin-right: 0px; margin-bottom: 0px; margin-left: 0px; padding: 0px; border: 0px; vertical-align: baseline; background: transparent; font-size: 19px; color: #505050; line-height: 34px; outline: none !important;\"><em style=\"margin: 0px; padding: 0px; border: 0px; vertical-align: baseline; background: transparent; outline: none !important;\"><span style=\"margin: 0px; padding: 0px; border: 0px; vertical-align: baseline; background: transparent; color: #0b0b0b; outline: none !important;\"><strong style=\"font-weight: bold; margin: 0px; padding: 0px; border: 0px; vertical-align: baseline; background: transparent; outline: none !important;\">Advertencia:<\/strong><\/span> El VRIC Monitor es un informe mensual publicado por el Centro para una Sociedad Libre y Segura (SFS) basado en informes de medios de comunicaci\u00f3n de c\u00f3digo abierto sobre las actividades de Venezuela, Rusia, Ir\u00e1n y China en Am\u00e9rica Latina y el Caribe. El informe rastrea algunos de los art\u00edculos m\u00e1s relevantes en sitios de noticias cre\u00edbles y publicaciones en medios sociales en m\u00faltiples idiomas (ingl\u00e9s, espa\u00f1ol, portugu\u00e9s, franc\u00e9s y \u00e1rabe).<\/em><\/p><\/div><\/div><div class=\"wpb_text_column wpb_content_element vc_custom_1645037086777\" style=\"margin: 0px 0px 35px; padding: 0px; border: 0px; vertical-align: baseline; background-image: initial; background-position: initial; background-size: initial; background-repeat: initial; background-attachment: initial; background-origin: initial; background-clip: initial; outline: none !important;\"><div class=\"wpb_wrapper\" style=\"margin: 0px; padding: 0px; border: 0px; vertical-align: baseline; background: transparent; outline: none !important;\"><p style=\"margin-right: 0px; margin-bottom: 0px; margin-left: 0px; padding: 0px; border: 0px; vertical-align: baseline; background: transparent; font-size: 19px; color: #505050; line-height: 34px; outline: none !important;\"><em style=\"margin: 0px; padding: 0px; border: 0px; vertical-align: baseline; background: transparent; outline: none !important;\">Dado que es inevitable que nuestro rastreo recoja propaganda gubernamental de los medios de comunicaci\u00f3n estatales o controlados por los pa\u00edses VRIC, estos art\u00edculos se revisan cuidadosamente y no representan m\u00e1s del 20% del informe general. Y su objetivo es informar sobre noticias que no aparecen en otros medios de comunicaci\u00f3n m\u00e1s cre\u00edbles y que son relevantes para comprender la influencia del VRIC en Am\u00e9rica Latina y el Caribe.<\/em><\/p><\/div><\/div><\/div><\/div><\/div><\/div><\/div><\/div><\/div><\/div><\/div><\/div><\/div><\/div><\/div><\/div><\/div><\/div><\/div><\/div>\t\t\t\t\t\t\t\t<\/div>\n\t\t\t\t<\/div>\n\t\t\t\t\t<\/div>\n\t\t<\/div>\n\t\t\t\t\t<\/div>\n\t\t<\/section>\n\t\t\t\t<\/div>\n\t\t","protected":false},"excerpt":{"rendered":"<p>Mientras el mundo observa los movimientos militares de Rusia en la frontera con Ucrania, Vladimir Putin ha estado ocupado creando influencia en Am\u00e9rica Latina. La reciente llegada de 68 \u00abt\u00e9cnicos\u00bb y asesores militares rusos a Venezuela.<\/p>\n","protected":false},"author":1,"featured_media":3051,"comment_status":"open","ping_status":"open","sticky":false,"template":"","format":"standard","meta":{"_monsterinsights_skip_tracking":false,"_monsterinsights_sitenote_active":false,"_monsterinsights_sitenote_note":"","_monsterinsights_sitenote_category":0,"footnotes":""},"categories":[10],"tags":[],"class_list":["post-3648","post","type-post","status-publish","format-standard","has-post-thumbnail","hentry","category-sin-categorizar"],"jetpack_featured_media_url":"https:\/\/vric.securefreesociety.org\/wp-content\/uploads\/2022\/02\/25vr.jpg","_links":{"self":[{"href":"https:\/\/vric.securefreesociety.org\/es\/wp-json\/wp\/v2\/posts\/3648","targetHints":{"allow":["GET"]}}],"collection":[{"href":"https:\/\/vric.securefreesociety.org\/es\/wp-json\/wp\/v2\/posts"}],"about":[{"href":"https:\/\/vric.securefreesociety.org\/es\/wp-json\/wp\/v2\/types\/post"}],"author":[{"embeddable":true,"href":"https:\/\/vric.securefreesociety.org\/es\/wp-json\/wp\/v2\/users\/1"}],"replies":[{"embeddable":true,"href":"https:\/\/vric.securefreesociety.org\/es\/wp-json\/wp\/v2\/comments?post=3648"}],"version-history":[{"count":82,"href":"https:\/\/vric.securefreesociety.org\/es\/wp-json\/wp\/v2\/posts\/3648\/revisions"}],"predecessor-version":[{"id":5022,"href":"https:\/\/vric.securefreesociety.org\/es\/wp-json\/wp\/v2\/posts\/3648\/revisions\/5022"}],"wp:featuredmedia":[{"embeddable":true,"href":"https:\/\/vric.securefreesociety.org\/es\/wp-json\/wp\/v2\/media\/3051"}],"wp:attachment":[{"href":"https:\/\/vric.securefreesociety.org\/es\/wp-json\/wp\/v2\/media?parent=3648"}],"wp:term":[{"taxonomy":"category","embeddable":true,"href":"https:\/\/vric.securefreesociety.org\/es\/wp-json\/wp\/v2\/categories?post=3648"},{"taxonomy":"post_tag","embeddable":true,"href":"https:\/\/vric.securefreesociety.org\/es\/wp-json\/wp\/v2\/tags?post=3648"}],"curies":[{"name":"wp","href":"https:\/\/api.w.org\/{rel}","templated":true}]}}