{"id":3650,"date":"2022-01-15T22:42:07","date_gmt":"2022-01-15T22:42:07","guid":{"rendered":"https:\/\/vricmonitor.org\/latin-americas-neo-socialist-wave\/"},"modified":"2024-08-16T17:09:49","modified_gmt":"2024-08-16T17:09:49","slug":"latin-americas-neo-socialist-wave","status":"publish","type":"post","link":"https:\/\/vric.securefreesociety.org\/es\/latin-americas-neo-socialist-wave\/","title":{"rendered":"LA OLA NEOCLASISTA EN LATINOAM\u00c9RICA"},"content":{"rendered":"\t\t<div data-elementor-type=\"wp-post\" data-elementor-id=\"3650\" class=\"elementor elementor-3650 elementor-571\" data-elementor-post-type=\"post\">\n\t\t\t\t\t\t<section class=\"elementor-section elementor-top-section elementor-element elementor-element-1c6a46b elementor-section-boxed elementor-section-height-default elementor-section-height-default\" data-id=\"1c6a46b\" data-element_type=\"section\">\n\t\t\t\t\t\t<div class=\"elementor-container elementor-column-gap-default\">\n\t\t\t\t\t<div class=\"elementor-column elementor-col-100 elementor-top-column elementor-element elementor-element-c35842f\" data-id=\"c35842f\" data-element_type=\"column\">\n\t\t\t<div class=\"elementor-widget-wrap elementor-element-populated\">\n\t\t\t\t\t\t<div class=\"elementor-element elementor-element-7c334c7 elementor-widget elementor-widget-image\" data-id=\"7c334c7\" data-element_type=\"widget\" data-widget_type=\"image.default\">\n\t\t\t\t<div class=\"elementor-widget-container\">\n\t\t\t\t\t\t\t\t\t\t\t\t\t\t\t<img fetchpriority=\"high\" decoding=\"async\" width=\"800\" height=\"450\" src=\"https:\/\/vric.securefreesociety.org\/wp-content\/uploads\/2022\/01\/monitor24es-1024x576.jpg\" class=\"attachment-large size-large wp-image-3831\" alt=\"\" srcset=\"https:\/\/vric.securefreesociety.org\/wp-content\/uploads\/2022\/01\/monitor24es-1024x576.jpg 1024w, https:\/\/vric.securefreesociety.org\/wp-content\/uploads\/2022\/01\/monitor24es-300x169.jpg 300w, https:\/\/vric.securefreesociety.org\/wp-content\/uploads\/2022\/01\/monitor24es-768x432.jpg 768w, https:\/\/vric.securefreesociety.org\/wp-content\/uploads\/2022\/01\/monitor24es-1536x864.jpg 1536w, https:\/\/vric.securefreesociety.org\/wp-content\/uploads\/2022\/01\/monitor24es.jpg 1920w\" sizes=\"(max-width: 800px) 100vw, 800px\" \/>\t\t\t\t\t\t\t\t\t\t\t\t\t\t\t<\/div>\n\t\t\t\t<\/div>\n\t\t\t\t<div class=\"elementor-element elementor-element-cafe505 elementor-widget__width-initial elementor-widget elementor-widget-text-editor\" data-id=\"cafe505\" data-element_type=\"widget\" data-widget_type=\"text-editor.default\">\n\t\t\t\t<div class=\"elementor-widget-container\">\n\t\t\t\t\t\t\t\t\t<div class=\"wpb_text_column wpb_content_element \"><div class=\"wpb_wrapper\"><div class=\"wpb_text_column wpb_content_element \"><div class=\"wpb_wrapper\"><div class=\"wpb_text_column wpb_content_element \" style=\"margin: 0px 0px 35px; padding: 0px; border: 0px; vertical-align: baseline; background: transparent; color: #000000; font-size: 12px; outline: none !important;\"><div class=\"wpb_wrapper\" style=\"margin: 0px; padding: 0px; border: 0px; vertical-align: baseline; background: transparent; outline: none !important;\"><div class=\"wpb_text_column wpb_content_element \" style=\"margin: 0px 0px 35px; padding: 0px; border: 0px; vertical-align: baseline; background: transparent; outline: none !important;\"><div class=\"wpb_wrapper\" style=\"margin: 0px; padding: 0px; border: 0px; vertical-align: baseline; background: transparent; outline: none !important;\"><div class=\"wpb_text_column wpb_content_element \" style=\"margin: 0px 0px 35px; padding: 0px; border: 0px; vertical-align: baseline; background: transparent; outline: none !important;\"><div class=\"wpb_wrapper\" style=\"margin: 0px; padding: 0px; border: 0px; vertical-align: baseline; background: transparent; outline: none !important;\"><p style=\"margin-right: 0px; margin-bottom: 0px; margin-left: 0px; padding: 0px; border: 0px; vertical-align: baseline; background: transparent; font-size: 19px; color: #000; line-height: 34px; outline: none !important;\"><span style=\"color: #505050;\">El superciclo electoral del a\u00f1o pasado en Am\u00e9rica Latina abri\u00f3 nuevas oportunidades para los l\u00edderes socialistas y sus aliados extrarregionales. El presidente Pedro Castillo realiz\u00f3 una visita irregular a la embajada de Pek\u00edn en Lima poco despu\u00e9s de ser investido presidente de Per\u00fa. El centro cultural de Teher\u00e1n en Santiago, patrocinado por el Estado, expres\u00f3 su apoyo al Presidente electo de Chile, Gabriel Boric. Y Mosc\u00fa y Managua estrecharon lazos en v\u00edsperas de la Cumbre para la Democracia del presidente Biden, al recibir en Mosc\u00fa a una delegaci\u00f3n oficial nicarag\u00fcense encabezada por los dos hijos de Daniel Ortega y Rosario Murillo.<\/span><span style=\"color: #505050;\">\u00a0<\/span><\/p><\/div><\/div><\/div><\/div><\/div><\/div><\/div><\/div><\/div><\/div>\t\t\t\t\t\t\t\t<\/div>\n\t\t\t\t<\/div>\n\t\t\t\t<div class=\"elementor-element elementor-element-4ae0f3a elementor-widget__width-initial elementor-blockquote--skin-border elementor-widget elementor-widget-blockquote\" data-id=\"4ae0f3a\" data-element_type=\"widget\" data-widget_type=\"blockquote.default\">\n\t\t\t\t<div class=\"elementor-widget-container\">\n\t\t\t\t\t\t\t<blockquote class=\"elementor-blockquote\">\n\t\t\t<p class=\"elementor-blockquote__content\">\n\t\t\t\t<span style=\"font-size: 19px\"><i>Una nueva ola socialista y autoritaria se levanta en la regi\u00f3n en 2022, empujando a Am\u00e9rica Latina a un punto de inflexi\u00f3n. Rusia, Ir\u00e1n y China est\u00e1n aprovechando estas nuevas oportunidades.&nbsp;<\/i><\/span>\t\t\t<\/p>\n\t\t\t\t\t<\/blockquote>\n\t\t\t\t\t\t<\/div>\n\t\t\t\t<\/div>\n\t\t\t\t<div class=\"elementor-element elementor-element-afa7707 elementor-widget__width-initial elementor-widget elementor-widget-text-editor\" data-id=\"afa7707\" data-element_type=\"widget\" data-widget_type=\"text-editor.default\">\n\t\t\t\t<div class=\"elementor-widget-container\">\n\t\t\t\t\t\t\t\t\t<div class=\"wpb_text_column wpb_content_element \"><div class=\"wpb_wrapper\"><div class=\"wpb_text_column wpb_content_element \"><div class=\"wpb_wrapper\"><div class=\"wpb_text_column wpb_content_element \"><div class=\"wpb_wrapper\"><div class=\"wpb_text_column wpb_content_element \" style=\"margin: 0px 0px 35px; padding: 0px; border: 0px; vertical-align: baseline; background: transparent; outline: none !important;\"><div class=\"wpb_wrapper\" style=\"margin: 0px; padding: 0px; border: 0px; vertical-align: baseline; background: transparent; outline: none !important;\"><p style=\"margin-right: 0px; margin-bottom: 0px; margin-left: 0px; padding: 0px; border: 0px; vertical-align: baseline; background: transparent; line-height: 34px; outline: none !important;\">China est\u00e1 avanzando r\u00e1pidamente en sus proyectos de infraestructuras en Am\u00e9rica Latina, incluido su enorme megapuerto en Chancay (Per\u00fa) y un posible cable submarino de 15.000 kil\u00f3metros a Chile. Las exportaciones militares de Rusia se est\u00e1n extendiendo desde Venezuela al resto de la regi\u00f3n, con conversaciones de alto nivel en curso entre Montevideo y la Compa\u00f1\u00eda Militar-Industrial de Mosc\u00fa (\u0412\u041f\u041a). E Ir\u00e1n se prepara para la tercera visita oficial del venezolano Nicol\u00e1s Maduro a la Rep\u00fablica Isl\u00e1mica, a finales de este mes.\u00a0<\/p><p>\u00a0<\/p><p style=\"margin-right: 0px; margin-bottom: 0px; margin-left: 0px; padding: 0px; border: 0px; vertical-align: baseline; background: transparent; line-height: 34px; outline: none !important;\">A partir de 2022, el r\u00e9gimen venezolano se encuentra en una posici\u00f3n ventajosa, tras haber resistido la \u00abm\u00e1xima presi\u00f3n\u00bb de Estados Unidos y fracturado con \u00e9xito la coalici\u00f3n de la oposici\u00f3n. Maduro ha puesto ahora su mirada en el fortalecimiento de los lazos con Oriente Medio, como expres\u00f3 en una reciente entrevista en una cadena de noticias libanesa, declarando: \u00abtenemos que hacer mucho m\u00e1s para unirnos [Am\u00e9rica Latina y el mundo \u00e1rabe] espiritual, cultural y pol\u00edticamente\u00bb.<\/p><p>\u00a0<\/p><p style=\"margin-right: 0px; margin-bottom: 0px; margin-left: 0px; padding: 0px; border: 0px; vertical-align: baseline; background: transparent; line-height: 34px; outline: none !important;\">Maduro no est\u00e1 solo, ya que el otrora incipiente bloque ALBA se ve revitalizado por la aparici\u00f3n de nuevos l\u00edderes socialistas en Am\u00e9rica Latina. La vig\u00e9sima cumbre de la Alianza Bolivariana, celebrada a mediados de diciembre en La Habana, Cuba, enumer\u00f3 una lista de objetivos progresistas para la regi\u00f3n en su declaraci\u00f3n final, entre los que se incluye \u00abfomentar la cooperaci\u00f3n&#8230; [con] pa\u00edses de fuera de la regi\u00f3n y organizaciones internacionales, bajo los principios de respeto y no injerencia en los asuntos internos\u00bb, una vaga referencia al VRIC.\u00a0<\/p><\/div><\/div><\/div><\/div><\/div><\/div><\/div><\/div>\t\t\t\t\t\t\t\t<\/div>\n\t\t\t\t<\/div>\n\t\t\t\t<div class=\"elementor-element elementor-element-d439522 elementor-widget elementor-widget-image\" data-id=\"d439522\" data-element_type=\"widget\" data-widget_type=\"image.default\">\n\t\t\t\t<div class=\"elementor-widget-container\">\n\t\t\t\t\t\t\t\t\t\t\t\t\t\t\t<img decoding=\"async\" width=\"800\" height=\"334\" src=\"https:\/\/vric.securefreesociety.org\/wp-content\/uploads\/2023\/06\/venezuelacovermonitor-1-1024x427.jpg\" class=\"attachment-large size-large wp-image-2859\" alt=\"\" srcset=\"https:\/\/vric.securefreesociety.org\/wp-content\/uploads\/2023\/06\/venezuelacovermonitor-1-1024x427.jpg 1024w, https:\/\/vric.securefreesociety.org\/wp-content\/uploads\/2023\/06\/venezuelacovermonitor-1-300x125.jpg 300w, https:\/\/vric.securefreesociety.org\/wp-content\/uploads\/2023\/06\/venezuelacovermonitor-1-768x320.jpg 768w, https:\/\/vric.securefreesociety.org\/wp-content\/uploads\/2023\/06\/venezuelacovermonitor-1-1536x640.jpg 1536w, https:\/\/vric.securefreesociety.org\/wp-content\/uploads\/2023\/06\/venezuelacovermonitor-1.jpg 1920w\" sizes=\"(max-width: 800px) 100vw, 800px\" \/>\t\t\t\t\t\t\t\t\t\t\t\t\t\t\t<\/div>\n\t\t\t\t<\/div>\n\t\t\t\t<div class=\"elementor-element elementor-element-e01da3b elementor-widget__width-initial elementor-widget elementor-widget-text-editor\" data-id=\"e01da3b\" data-element_type=\"widget\" data-widget_type=\"text-editor.default\">\n\t\t\t\t<div class=\"elementor-widget-container\">\n\t\t\t\t\t\t\t\t\t<div class=\"wpb_text_column wpb_content_element \"><div class=\"wpb_wrapper\"><div class=\"wpb_text_column wpb_content_element \"><div class=\"wpb_wrapper\"><div class=\"wpb_text_column wpb_content_element \"><div class=\"wpb_wrapper\"><div class=\"wpb_text_column wpb_content_element \"><div class=\"wpb_wrapper\"><div class=\"wpb_text_column wpb_content_element \"><div class=\"wpb_wrapper\"><div class=\"wpb_text_column wpb_content_element \" style=\"margin: 0px 0px 35px; padding: 0px; border: 0px; vertical-align: baseline; background: transparent; outline: none !important;\"><div class=\"wpb_wrapper\" style=\"margin: 0px; padding: 0px; border: 0px; vertical-align: baseline; background: transparent; outline: none !important;\"><p style=\"margin-right: 0px; margin-bottom: 50px; margin-left: 0px; padding: 0px; border: 0px; vertical-align: baseline; background: transparent; line-height: 34px; outline: none !important;\"><b>El 5 de enero se prorrog\u00f3 por un a\u00f1o el mandato constitucional venezolano del presidente interino Juan Guaid\u00f3. <\/b>\u00a0No obstante, la coalici\u00f3n opositora venezolana, conocida como el G4, se ha fracturado y el apoyo de Guaid\u00f3 en el pa\u00eds est\u00e1 disminuyendo. A nivel mundial, sin embargo, Guaid\u00f3 a\u00fan mantiene el reconocimiento de Estados Unidos y el Reino Unido, entre otros, lo que le da el control sobre las reservas de oro de Venezuela en poder del Banco de Inglaterra y la ayuda humanitaria y sanitaria de Estados Unidos a Venezuela.<\/p><\/div><\/div><\/div><\/div><\/div><\/div><\/div><\/div><\/div><\/div><\/div><\/div>\t\t\t\t\t\t\t\t<\/div>\n\t\t\t\t<\/div>\n\t\t\t\t<div class=\"elementor-element elementor-element-7bf9fb1 elementor-widget__width-initial elementor-blockquote--skin-border elementor-widget elementor-widget-blockquote\" data-id=\"7bf9fb1\" data-element_type=\"widget\" data-widget_type=\"blockquote.default\">\n\t\t\t\t<div class=\"elementor-widget-container\">\n\t\t\t\t\t\t\t<blockquote class=\"elementor-blockquote\">\n\t\t\t<p class=\"elementor-blockquote__content\">\n\t\t\t\tAunque Guaid\u00f3 tiene salvavidas, son pocos y distantes entre s\u00ed. Su valiente esfuerzo por recuperar la democracia para los venezolanos ha fracasado.\t\t\t<\/p>\n\t\t\t\t\t<\/blockquote>\n\t\t\t\t\t\t<\/div>\n\t\t\t\t<\/div>\n\t\t\t\t<div class=\"elementor-element elementor-element-e23d85f elementor-widget__width-initial elementor-widget elementor-widget-text-editor\" data-id=\"e23d85f\" data-element_type=\"widget\" data-widget_type=\"text-editor.default\">\n\t\t\t\t<div class=\"elementor-widget-container\">\n\t\t\t\t\t\t\t\t\t<div class=\"wpb_text_column wpb_content_element \"><div class=\"wpb_wrapper\"><div class=\"wpb_text_column wpb_content_element \"><div class=\"wpb_wrapper\"><div class=\"wpb_text_column wpb_content_element \"><div class=\"wpb_wrapper\"><div class=\"wpb_text_column wpb_content_element \"><div class=\"wpb_wrapper\"><div class=\"wpb_text_column wpb_content_element \" style=\"margin: 0px 0px 35px; padding: 0px; border: 0px; vertical-align: baseline; background: transparent; color: #000000; font-size: 12px; outline: none !important;\"><div class=\"wpb_wrapper\" style=\"margin: 0px; padding: 0px; border: 0px; vertical-align: baseline; background: transparent; outline: none !important;\"><p style=\"margin-right: 0px; margin-bottom: 0px; margin-left: 0px; padding: 0px; border: 0px; vertical-align: baseline; background: transparent; font-size: 19px; color: #000; line-height: 34px; outline: none !important;\">Mientras el mundo observa los movimientos militares de Rusia en la frontera de Ucrania, el apoyo militar que Mosc\u00fa presta al r\u00e9gimen de Maduro de Venezuela sali\u00f3 a la luz durante una conferencia de prensa el 13 de enero. En respuesta a un periodista, el viceministro de Asuntos Exteriores ruso, Sergei Ryabkov, advirti\u00f3 que Rusia no descartar\u00eda el despliegue de \u00abactivos militares\u00bb en Venezuela y Cuba si la crisis de Ucrania se intensifica. Sin embargo, esos \u00abactivos militares\u00bb rusos ya han sido desplegados en Am\u00e9rica Latina.<\/p><\/div><\/div><\/div><\/div><\/div><\/div><\/div><\/div><\/div><\/div>\t\t\t\t\t\t\t\t<\/div>\n\t\t\t\t<\/div>\n\t\t\t\t<div class=\"elementor-element elementor-element-1b8d8fd elementor-widget__width-initial elementor-blockquote--skin-border elementor-widget elementor-widget-blockquote\" data-id=\"1b8d8fd\" data-element_type=\"widget\" data-widget_type=\"blockquote.default\">\n\t\t\t\t<div class=\"elementor-widget-container\">\n\t\t\t\t\t\t\t<blockquote class=\"elementor-blockquote\">\n\t\t\t<p class=\"elementor-blockquote__content\">\n\t\t\t\t<strong style=\"font-weight: bold;margin: 0px;padding: 0px;border: 0px;vertical-align: baseline;background: transparent;font-size: 19px;font-style: italic\">Esto fue confirmado en Colombia cuando el Ministro de Defensa Diego Molano, citando fuentes de inteligencia, dijo que el apoyo militar de Rusia a Venezuela est\u00e1 en su frontera frente a la provincia colombiana de Arauca. El apoyo incluye a 68 militares rusos que llegaron a Venezuela en enero para el supuesto mantenimiento de los Sukhoi Su-30.<\/strong>\t\t\t<\/p>\n\t\t\t\t\t<\/blockquote>\n\t\t\t\t\t\t<\/div>\n\t\t\t\t<\/div>\n\t\t\t\t<div class=\"elementor-element elementor-element-e252617 elementor-widget__width-initial elementor-widget elementor-widget-text-editor\" data-id=\"e252617\" data-element_type=\"widget\" data-widget_type=\"text-editor.default\">\n\t\t\t\t<div class=\"elementor-widget-container\">\n\t\t\t\t\t\t\t\t\t<div><div><div><div><div><div><div><div><div style=\"margin: 0px 0px 35px; padding: 0px; border: 0px; vertical-align: baseline; background: transparent; outline: none !important;\"><div style=\"margin: 0px; padding: 0px; border: 0px; vertical-align: baseline; background: transparent; outline: none !important;\"><div style=\"margin: 0px 0px 35px; padding: 0px; border: 0px; vertical-align: baseline; background: transparent; outline: none !important;\"><div style=\"margin: 0px; padding: 0px; border: 0px; vertical-align: baseline; background: transparent; outline: none !important;\"><p style=\"margin-right: 0px; margin-bottom: 50px; margin-left: 0px; padding: 0px; border: 0px; vertical-align: baseline; background: transparent; line-height: 34px; outline: none !important;\">Mientras tanto, el r\u00e9gimen de Maduro sigue consolidando su poder. Tras otra ronda de falsas elecciones en noviembre, esta vez a nivel local y legislativo, el r\u00e9gimen se hizo con la \u00fanica instituci\u00f3n que le quedaba a la oposici\u00f3n: la Asamblea Nacional. Unas disputadas elecciones en Barinas, el estado natal del difunto Hugo Ch\u00e1vez, dieron una rara victoria electoral a la oposici\u00f3n, pero s\u00f3lo para instalar una falsa confianza y legitimar las falsas elecciones celebradas el pasado noviembre. Ahora, Maduro est\u00e1 centrado en impulsar la agenda internacional del r\u00e9gimen con un pr\u00f3ximo viaje a Teher\u00e1n.\u00a0<\/p><p>\u00a0<\/p><p style=\"margin-right: 0px; margin-bottom: 50px; margin-left: 0px; padding: 0px; border: 0px; vertical-align: baseline; background: transparent; line-height: 34px; outline: none !important;\">El r\u00e9gimen de Maduro en Venezuela se envalentona a\u00fan m\u00e1s con el ascenso de nuevos l\u00edderes socialistas en Am\u00e9rica Latina. En 2021, candidatos de izquierda ganaron las elecciones presidenciales en Chile, Per\u00fa y Honduras, mientras que l\u00edderes autoritarios avanzaron en El Salvador y Nicaragua. La perspectiva de que el presidente electo de Chile, Gabriel Boric, y la presidenta electa de Honduras, Xiomara Castro, se unan a la creciente lista de naciones amigas de la revoluci\u00f3n bolivariana ha puesto el impulso del lado de los socialistas de cara a las dos elecciones regionales m\u00e1s importantes de 2022: Colombia y Brasil.\u00a0<\/p><p>\u00a0<\/p><p style=\"margin-right: 0px; margin-bottom: 50px; margin-left: 0px; padding: 0px; border: 0px; vertical-align: baseline; background: transparent; line-height: 34px; outline: none !important;\"><span style=\"background-color: transparent;\">Evo Morales, de Bolivia, tambi\u00e9n est\u00e1 aprovechando la nueva ola socialista en Am\u00e9rica Latina para impulsar un nuevo organismo regional que sustituya a la extinta Uni\u00f3n de Naciones Suramericanas o \u00abUNASUR\u00bb por una versi\u00f3n ind\u00edgena populista llamada \u00abRUNASUR\u00bb, o Uni\u00f3n de los Pueblos de las Naciones Suramericanas. La nueva RUNASUR iba a celebrar su segunda reuni\u00f3n anual en Cuzco, Per\u00fa, a finales de diciembre, pero fue reprogramada debido a la reacci\u00f3n de legisladores peruanos y militares retirados. Aun as\u00ed, los l\u00edderes socialistas de Am\u00e9rica Latina pudieron reunirse a principios de mes en La Habana, Cuba, para celebrar la XX Cumbre de la Alianza Bolivariana de las Am\u00e9ricas (ALBA), un organismo regional en ciernes que est\u00e1 resurgiendo debido a la ola socialista y autoritaria que recorre la regi\u00f3n.\u00a0<\/span><\/p><\/div><\/div><\/div><\/div><\/div><\/div><\/div><\/div><\/div><\/div><\/div><\/div>\t\t\t\t\t\t\t\t<\/div>\n\t\t\t\t<\/div>\n\t\t\t\t<div class=\"elementor-element elementor-element-186984a elementor-widget__width-initial elementor-widget elementor-widget-image\" data-id=\"186984a\" data-element_type=\"widget\" data-widget_type=\"image.default\">\n\t\t\t\t<div class=\"elementor-widget-container\">\n\t\t\t\t\t\t\t\t\t\t\t\t\t\t\t<img decoding=\"async\" width=\"800\" height=\"334\" src=\"https:\/\/vric.securefreesociety.org\/wp-content\/uploads\/2023\/07\/russiacovermonitor-1536x640-1-1024x427.jpg\" class=\"attachment-large size-large wp-image-2889\" alt=\"\" srcset=\"https:\/\/vric.securefreesociety.org\/wp-content\/uploads\/2023\/07\/russiacovermonitor-1536x640-1-1024x427.jpg 1024w, https:\/\/vric.securefreesociety.org\/wp-content\/uploads\/2023\/07\/russiacovermonitor-1536x640-1-300x125.jpg 300w, https:\/\/vric.securefreesociety.org\/wp-content\/uploads\/2023\/07\/russiacovermonitor-1536x640-1-768x320.jpg 768w, https:\/\/vric.securefreesociety.org\/wp-content\/uploads\/2023\/07\/russiacovermonitor-1536x640-1.jpg 1536w\" sizes=\"(max-width: 800px) 100vw, 800px\" \/>\t\t\t\t\t\t\t\t\t\t\t\t\t\t\t<\/div>\n\t\t\t\t<\/div>\n\t\t\t\t<div class=\"elementor-element elementor-element-a19423a elementor-widget__width-initial elementor-widget elementor-widget-text-editor\" data-id=\"a19423a\" data-element_type=\"widget\" data-widget_type=\"text-editor.default\">\n\t\t\t\t<div class=\"elementor-widget-container\">\n\t\t\t\t\t\t\t\t\t<div class=\"wpb_text_column wpb_content_element \"><div class=\"wpb_wrapper\"><div class=\"wpb_text_column wpb_content_element \"><div class=\"wpb_wrapper\"><div class=\"wpb_text_column wpb_content_element \"><div class=\"wpb_wrapper\"><div class=\"wpb_text_column wpb_content_element \"><div class=\"wpb_wrapper\"><div class=\"wpb_text_column wpb_content_element \"><div class=\"wpb_wrapper\"><div class=\"wpb_text_column wpb_content_element \" style=\"margin: 0px 0px 35px; padding: 0px; border: 0px; vertical-align: baseline; background: transparent; outline: none !important;\"><div class=\"wpb_wrapper\" style=\"margin: 0px; padding: 0px; border: 0px; vertical-align: baseline; background: transparent; outline: none !important;\"><p style=\"margin-right: 0px; margin-bottom: 0px; margin-left: 0px; padding: 0px; border: 0px; vertical-align: baseline; background: transparent; line-height: 34px; outline: none !important;\">La estrat\u00e9gica ingenier\u00eda migratoria rusa de Bielorrusia a Polonia cre\u00f3 el a\u00f1o pasado una crisis fronteriza que puso en jaque a la Uni\u00f3n Europea. La concentraci\u00f3n militar rusa en la frontera ucraniana este a\u00f1o hace temer una invasi\u00f3n y una mayor desestabilizaci\u00f3n de Europa Central y Oriental. Rusia est\u00e1 exportando al hemisferio occidental sus conocimientos estrat\u00e9gicos para manipular la migraci\u00f3n y provocar conflictos fronterizos.\u00a0<\/p><p>\u00a0<\/p><p style=\"margin-right: 0px; margin-bottom: 0px; margin-left: 0px; padding: 0px; border: 0px; vertical-align: baseline; background: transparent; line-height: 34px; outline: none !important;\">En la frontera entre Colombia y Venezuela, el SFS inform\u00f3 el a\u00f1o pasado de la presencia de contratistas militares rusos y de aviones no tripulados de fabricaci\u00f3n rusa en Arauca y C\u00facuta, dos puntos conflictivos de la frontera. Este a\u00f1o, nuevas fronteras pueden estar en su punto de mira. El 14 de diciembre, dos veh\u00edculos que transportaban a 18 rusos intentaron pasar a toda velocidad el puerto de entrada de San Ysidro, en California. Esto ocurre despu\u00e9s de que siete rusos intentaran cruzar a toda velocidad la frontera por el puerto de entrada de Otay Mesa, en California, en noviembre.<\/p><\/div><\/div><\/div><\/div><\/div><\/div><\/div><\/div><\/div><\/div><\/div><\/div>\t\t\t\t\t\t\t\t<\/div>\n\t\t\t\t<\/div>\n\t\t\t\t<div class=\"elementor-element elementor-element-376e7bc elementor-widget__width-initial elementor-blockquote--skin-border elementor-widget elementor-widget-blockquote\" data-id=\"376e7bc\" data-element_type=\"widget\" data-widget_type=\"blockquote.default\">\n\t\t\t\t<div class=\"elementor-widget-container\">\n\t\t\t\t\t\t\t<blockquote class=\"elementor-blockquote\">\n\t\t\t<p class=\"elementor-blockquote__content\">\n\t\t\t\t<span style=\"font-size: 19px\"><i>La oleada neosocialista de Am\u00e9rica Latina puede abrir nuevas perspectivas para Rusia en la regi\u00f3n, mientras Mosc\u00fa refuerza el apoyo de sus aliados tradicionales.&nbsp;&nbsp;<\/i><\/span>\t\t\t<\/p>\n\t\t\t\t\t<\/blockquote>\n\t\t\t\t\t\t<\/div>\n\t\t\t\t<\/div>\n\t\t\t\t<div class=\"elementor-element elementor-element-be215cf elementor-widget__width-initial elementor-widget elementor-widget-text-editor\" data-id=\"be215cf\" data-element_type=\"widget\" data-widget_type=\"text-editor.default\">\n\t\t\t\t<div class=\"elementor-widget-container\">\n\t\t\t\t\t\t\t\t\t<div>\n<div>\n<div>\n<div>\n<div>\n<div>\n<div>\n<div>\n<div>\n<div>\n<div style=\"margin: 0px 0px 35px; padding: 0px; border: 0px; vertical-align: baseline; background: transparent; color: #000000; font-size: 12px; outline: none !important;\">\n<div style=\"margin: 0px; padding: 0px; border: 0px; vertical-align: baseline; background: transparent; outline: none !important;\">\n<div style=\"margin: 0px 0px 35px; padding: 0px; border: 0px; vertical-align: baseline; background: transparent; outline: none !important;\">\n<div style=\"margin: 0px; padding: 0px; border: 0px; vertical-align: baseline; background: transparent; outline: none !important;\">\n<p style=\"margin-right: 0px; margin-bottom: 50px; margin-left: 0px; padding: 0px; border: 0px; vertical-align: baseline; background: transparent; font-size: 19px; color: #505050; line-height: 34px; outline: none !important;\">A principios de diciembre, una delegaci\u00f3n nicarag\u00fcense encabezada por los dos hijos de Daniel Ortega y Rosario Murillo y el presidente argentino, Alberto Fern\u00e1ndez, se reuni\u00f3 con diplom\u00e1ticos rusos en Mosc\u00fa para discutir el fortalecimiento de las relaciones entre los respectivos pa\u00edses. El ministro de Asuntos Exteriores ruso, Sergu\u00e9i Lavrov, declar\u00f3 que la incorporaci\u00f3n de Brasil al Consejo de Seguridad de las Naciones Unidas crear\u00e1 nuevas oportunidades para que los pa\u00edses impulsen la cooperaci\u00f3n durante una reuni\u00f3n con su hom\u00f3logo brasile\u00f1o, mientras que se espera que el presidente de Ecuador, Guillermo Lasso, visite Mosc\u00fa a principios del nuevo a\u00f1o para estrechar lazos.<\/p>\n&nbsp;\n<p style=\"margin-right: 0px; margin-bottom: 50px; margin-left: 0px; padding: 0px; border: 0px; vertical-align: baseline; background: transparent; font-size: 19px; color: #505050; line-height: 34px; outline: none !important;\">El acercamiento regional de Rusia tambi\u00e9n tiene un \u00e1ngulo militarista. Los esfuerzos del pa\u00eds por exportar material militar a todo el mundo se han intensificado. La Compa\u00f1\u00eda Militar-Industrial de Rusia ya est\u00e1 en conversaciones con Uruguay y Venezuela para exportar veh\u00edculos blindados de transporte de tropas (APC) y otros veh\u00edculos blindados. Mientras tanto, el gobierno peruano puso en vigor un acuerdo de protecci\u00f3n mutua de informaci\u00f3n clasificada en el marco de su cooperaci\u00f3n t\u00e9cnico-militar con Rusia.<\/p>\n&nbsp;\n<p style=\"margin-right: 0px; margin-bottom: 50px; margin-left: 0px; padding: 0px; border: 0px; vertical-align: baseline; background: transparent; font-size: 19px; color: #505050; line-height: 34px; outline: none !important; text-align: center;\"><span style=\"margin: 0px; padding: 0px; border: 0px; vertical-align: baseline; background: transparent; color: #213569; outline: none !important;\"><a style=\"color: #213569; background-image: initial; background-position: initial; background-size: initial; background-repeat: initial; background-attachment: initial; background-origin: initial; background-clip: initial; margin: 0px; padding: 0px; border: 0px; vertical-align: baseline; transition: all 0.3s ease-out 0s; outline: none !important;\" href=\"https:\/\/www.securefreesociety.org\/wp-content\/uploads\/2022\/01\/VRIC-RUSSIA_2021.pdf\" target=\"_blank\" rel=\"noopener\"><b>Haga clic aqu\u00ed para leer los informes de los medios de comunicaci\u00f3n sobre las\u00a0<span style=\"margin: 0px; padding: 0px; border: 0px; vertical-align: baseline; background: transparent; outline: none !important;\">ACTIVIDADES DE RUSIA EN AM\u00c9RICA LATINA<\/span> \u2013 Diciembre 2021<\/b><\/a><\/span><\/p>\n\n<\/div>\n<\/div>\n<\/div>\n<\/div>\n<\/div>\n<\/div>\n<\/div>\n<\/div>\n<\/div>\n<\/div>\n<\/div>\n<\/div>\n<\/div>\n<\/div>\t\t\t\t\t\t\t\t<\/div>\n\t\t\t\t<\/div>\n\t\t\t\t<div class=\"elementor-element elementor-element-cab0337 elementor-widget__width-initial elementor-widget elementor-widget-image\" data-id=\"cab0337\" data-element_type=\"widget\" data-widget_type=\"image.default\">\n\t\t\t\t<div class=\"elementor-widget-container\">\n\t\t\t\t\t\t\t\t\t\t\t\t\t\t\t<img loading=\"lazy\" decoding=\"async\" width=\"800\" height=\"334\" src=\"https:\/\/vric.securefreesociety.org\/wp-content\/uploads\/2023\/06\/irancoverfinal-1-1024x427.jpg\" class=\"attachment-large size-large wp-image-2860\" alt=\"\" srcset=\"https:\/\/vric.securefreesociety.org\/wp-content\/uploads\/2023\/06\/irancoverfinal-1-1024x427.jpg 1024w, https:\/\/vric.securefreesociety.org\/wp-content\/uploads\/2023\/06\/irancoverfinal-1-300x125.jpg 300w, https:\/\/vric.securefreesociety.org\/wp-content\/uploads\/2023\/06\/irancoverfinal-1-768x320.jpg 768w, https:\/\/vric.securefreesociety.org\/wp-content\/uploads\/2023\/06\/irancoverfinal-1-1536x640.jpg 1536w, https:\/\/vric.securefreesociety.org\/wp-content\/uploads\/2023\/06\/irancoverfinal-1.jpg 1920w\" sizes=\"(max-width: 800px) 100vw, 800px\" \/>\t\t\t\t\t\t\t\t\t\t\t\t\t\t\t<\/div>\n\t\t\t\t<\/div>\n\t\t\t\t<div class=\"elementor-element elementor-element-191fed0 elementor-widget__width-initial elementor-widget elementor-widget-text-editor\" data-id=\"191fed0\" data-element_type=\"widget\" data-widget_type=\"text-editor.default\">\n\t\t\t\t<div class=\"elementor-widget-container\">\n\t\t\t\t\t\t\t\t\t<div><div><div><div><div><div><div><div><div><div><div style=\"margin: 0px 0px 35px; padding: 0px; border: 0px; vertical-align: baseline; background: transparent; outline: none !important;\"><div style=\"margin: 0px; padding: 0px; border: 0px; vertical-align: baseline; background: transparent; outline: none !important;\"><div style=\"margin: 0px 0px 35px; padding: 0px; border: 0px; vertical-align: baseline; background: transparent; outline: none !important;\"><div style=\"margin: 0px; padding: 0px; border: 0px; vertical-align: baseline; background: transparent; outline: none !important;\"><p style=\"margin-right: 0px; margin-bottom: 50px; margin-left: 0px; padding: 0px; border: 0px; vertical-align: baseline; background: transparent; line-height: 34px; outline: none !important;\">On December 26, 2021, Al-Mayadeen, a pan-Arabist news network based in Lebanon, released an hour-long interview with Venezuela\u2019s Nicol\u00e1s Maduro, whom they also awarded as \u201cperson of the year.\u201d In the interview, Maduro mentioned the need for Venezuela to strengthen economic ties with Arab nations, and his enduring support for Syria\u2019s Bashar al-Assad and admiration for Iran\u2019s Supreme Leader Ayatollah Ali Khamenei. Maduro also stated that he will be visiting Iran \u201cvery soon.\u201d\u00a0\u00a0<\/p><p>\u00a0<\/p><p style=\"margin-right: 0px; margin-bottom: 50px; margin-left: 0px; padding: 0px; border: 0px; vertical-align: baseline; background: transparent; line-height: 34px; outline: none !important;\"><span style=\"background-color: transparent;\">Preparations for Maduro\u2019s trip to Tehran were already underway, with several official phone calls and state visits from Venezuelan officials to Iran and vice versa. This includes initial discussions in November 2020 to eliminate visas and increase flights between the two countries, followed by a meeting in Tehran in October 2021 between the respective foreign ministers of each country. An Iranian delegation then traveled to Caracas last November to observe the legislative elections in Venezuela, including a high-level meeting with Venezuela\u2019s vice president on the eve of election night.<\/span><\/p><p>\u00a0<\/p><p style=\"margin-right: 0px; margin-bottom: 50px; margin-left: 0px; padding: 0px; border: 0px; vertical-align: baseline; background: transparent; line-height: 34px; outline: none !important;\"><b style=\"background-color: transparent;\">A phone call by Iranian President Ebrahim Raisi on December 6, solidified Maduro\u2019s upcoming trip to Tehran<\/b><span style=\"background-color: transparent;\">, who is expected to sign a 20-year deal between Iran and Venezuela that mirrors the 25-year strategic cooperation agreement between Iran and China inked in 2020.\u00a0<\/span><\/p><\/div><\/div><\/div><\/div><\/div><\/div><\/div><\/div><\/div><\/div><\/div><\/div><\/div><\/div>\t\t\t\t\t\t\t\t<\/div>\n\t\t\t\t<\/div>\n\t\t\t\t<div class=\"elementor-element elementor-element-4b7724d elementor-widget__width-initial elementor-blockquote--skin-border elementor-widget elementor-widget-blockquote\" data-id=\"4b7724d\" data-element_type=\"widget\" data-widget_type=\"blockquote.default\">\n\t\t\t\t<div class=\"elementor-widget-container\">\n\t\t\t\t\t\t\t<blockquote class=\"elementor-blockquote\">\n\t\t\t<p class=\"elementor-blockquote__content\">\n\t\t\t\t<span style=\"font-size: 19px\"><i>While Venezuela will continue to be the base for Iranian operations in Latin America, 2022 will likely see Iran expand its outreach throughout the region, namely with members of the Bolivarian Alliance.<\/i><\/span>\t\t\t<\/p>\n\t\t\t\t\t<\/blockquote>\n\t\t\t\t\t\t<\/div>\n\t\t\t\t<\/div>\n\t\t\t\t<div class=\"elementor-element elementor-element-2e6d6f8 elementor-widget__width-initial elementor-widget elementor-widget-text-editor\" data-id=\"2e6d6f8\" data-element_type=\"widget\" data-widget_type=\"text-editor.default\">\n\t\t\t\t<div class=\"elementor-widget-container\">\n\t\t\t\t\t\t\t\t\t<div><div><div><div><div><div><div><div><div><div><div style=\"margin: 0px 0px 35px; padding: 0px; border: 0px; vertical-align: baseline; background: transparent; color: #000000; font-size: 12px; outline: none !important;\"><div style=\"margin: 0px; padding: 0px; border: 0px; vertical-align: baseline; background: transparent; outline: none !important;\"><div style=\"margin: 0px 0px 35px; padding: 0px; border: 0px; vertical-align: baseline; background: transparent; outline: none !important;\"><div style=\"margin: 0px; padding: 0px; border: 0px; vertical-align: baseline; background: transparent; outline: none !important;\"><div style=\"margin: 0px 0px 35px; padding: 0px; border: 0px; vertical-align: baseline; background: transparent; outline: none !important;\"><div style=\"margin: 0px; padding: 0px; border: 0px; vertical-align: baseline; background: transparent; outline: none !important;\"><p style=\"margin-right: 0px; margin-bottom: 50px; margin-left: 0px; padding: 0px; border: 0px; vertical-align: baseline; background: transparent; font-size: 19px; color: #505050; line-height: 34px; outline: none !important;\">On August 3, 2021, the ALBA\u2019s Secretary-General, Sacha Llorenti, met with President Raisi in Tehran prior to his inauguration. During the meeting, the new Iranian president stated that Latin America is a foreign policy priority for the Islamic Republic.<\/p><p style=\"margin-right: 0px; margin-bottom: 50px; margin-left: 0px; padding: 0px; border: 0px; vertical-align: baseline; background: transparent; font-size: 19px; color: #505050; line-height: 34px; outline: none !important;\">\u00a0<\/p><p style=\"margin-right: 0px; margin-bottom: 50px; margin-left: 0px; padding: 0px; border: 0px; vertical-align: baseline; background: transparent; font-size: 19px; color: #505050; line-height: 34px; outline: none !important;\">With Iran nuclear negotiations in Vienna ramping up again, Iran\u2019s international outreach is increasing. One roadblock in Latin America could be Colombia, a new member of the IAEA Board of Governors, whose president and defense minister traveled to Israel in November to shore up bilateral ties. A diplomatic snafu ensued after the trip when Colombian Defense Minister Diego Molano stated Israel and Colombia\u2019s\u00a0<span style=\"margin: 0px; padding: 0px; border: 0px; vertical-align: baseline; background: transparent; color: #213569; outline: none !important;\"><em style=\"margin: 0px; padding: 0px; border: 0px; vertical-align: baseline; background: transparent; outline: none !important;\">\u201ccommon enemies\u201d<\/em>\u00a0<\/span>are Iran and Hezbollah. Iran took advantage, by amplifying its propaganda in the Colombian press to promote false narratives leading up to January 3, 2022, the second anniversary of the death of Qods Force commander, General Qasem Soleimani, whom Iran portrays in Latin America as a heroic martyr.<\/p><p style=\"margin-right: 0px; margin-bottom: 50px; margin-left: 0px; padding: 0px; border: 0px; vertical-align: baseline; background: transparent; font-size: 19px; color: #505050; line-height: 34px; outline: none !important;\">\u00a0<\/p><p style=\"margin-right: 0px; margin-bottom: 50px; margin-left: 0px; padding: 0px; border: 0px; vertical-align: baseline; background: transparent; font-size: 19px; color: #505050; line-height: 34px; outline: none !important; text-align: center;\"><a style=\"background-image: initial; background-position: initial; background-size: initial; background-repeat: initial; background-attachment: initial; background-origin: initial; background-clip: initial; color: #213569; margin: 0px; padding: 0px; border: 0px; vertical-align: baseline; transition: all 0.3s ease-out 0s; outline: none !important;\" href=\"https:\/\/www.securefreesociety.org\/wp-content\/uploads\/2022\/01\/VRIC-IRAN_2021.pdf\" target=\"_blank\" rel=\"noopener\">Click here to read media reports on\u00a0<strong style=\"font-weight: bold; margin: 0px; padding: 0px; border: 0px; vertical-align: baseline; background: transparent; outline: none !important;\">IRAN\u2019S ACTIVITIES IN LATIN AMERICA<\/strong>\u00a0\u2013 December 2021<\/a><\/p><\/div><\/div><\/div><\/div><\/div><\/div><\/div><\/div><\/div><\/div><\/div><\/div><\/div><\/div><\/div><\/div>\t\t\t\t\t\t\t\t<\/div>\n\t\t\t\t<\/div>\n\t\t\t\t<div class=\"elementor-element elementor-element-21fb5aa elementor-widget__width-initial elementor-widget elementor-widget-image\" data-id=\"21fb5aa\" data-element_type=\"widget\" data-widget_type=\"image.default\">\n\t\t\t\t<div class=\"elementor-widget-container\">\n\t\t\t\t\t\t\t\t\t\t\t\t\t\t\t<img loading=\"lazy\" decoding=\"async\" width=\"800\" height=\"334\" src=\"https:\/\/vric.securefreesociety.org\/wp-content\/uploads\/2023\/06\/chinacover-1024x427.jpg\" class=\"attachment-large size-large wp-image-2848\" alt=\"\" srcset=\"https:\/\/vric.securefreesociety.org\/wp-content\/uploads\/2023\/06\/chinacover-1024x427.jpg 1024w, https:\/\/vric.securefreesociety.org\/wp-content\/uploads\/2023\/06\/chinacover-300x125.jpg 300w, https:\/\/vric.securefreesociety.org\/wp-content\/uploads\/2023\/06\/chinacover-768x320.jpg 768w, https:\/\/vric.securefreesociety.org\/wp-content\/uploads\/2023\/06\/chinacover-1536x640.jpg 1536w, https:\/\/vric.securefreesociety.org\/wp-content\/uploads\/2023\/06\/chinacover.jpg 1920w\" sizes=\"(max-width: 800px) 100vw, 800px\" \/>\t\t\t\t\t\t\t\t\t\t\t\t\t\t\t<\/div>\n\t\t\t\t<\/div>\n\t\t\t\t<div class=\"elementor-element elementor-element-b200983 elementor-widget__width-initial elementor-widget elementor-widget-text-editor\" data-id=\"b200983\" data-element_type=\"widget\" data-widget_type=\"text-editor.default\">\n\t\t\t\t<div class=\"elementor-widget-container\">\n\t\t\t\t\t\t\t\t\t<div><div><div><div><div><div><div><div><div><div><div style=\"margin: 0px 0px 35px; padding: 0px; border: 0px; vertical-align: baseline; background: transparent; outline: none !important;\"><div style=\"margin: 0px; padding: 0px; border: 0px; vertical-align: baseline; background: transparent; outline: none !important;\"><div style=\"margin: 0px 0px 35px; padding: 0px; border: 0px; vertical-align: baseline; background: transparent; outline: none !important;\"><div style=\"margin: 0px; padding: 0px; border: 0px; vertical-align: baseline; background: transparent; outline: none !important;\"><div style=\"margin: 0px 0px 35px; padding: 0px; border: 0px; vertical-align: baseline; background: transparent; outline: none !important;\"><div style=\"margin: 0px; padding: 0px; border: 0px; vertical-align: baseline; background: transparent; outline: none !important;\"><p style=\"margin-right: 0px; margin-bottom: 50px; margin-left: 0px; padding: 0px; border: 0px; vertical-align: baseline; background: transparent; line-height: 34px; outline: none !important;\">La embajadora de Ecuador en Washington declar\u00f3 recientemente a Axios que \u00abEstados Unidos est\u00e1 perdiendo Am\u00e9rica Latina a manos de China sin oponer resistencia\u00bb. Su frustrada entrevista revel\u00f3 que sin m\u00e1s atenci\u00f3n, incluso <b><i>\u201cLos pa\u00edses amigos de EE.UU. llegar\u00e1n a la conclusi\u00f3n de que seguimos siendo el patio trasero.\u201d<\/i><\/b><\/p><\/div><\/div><\/div><\/div><\/div><\/div><\/div><\/div><\/div><\/div><\/div><\/div><\/div><\/div><\/div><\/div>\t\t\t\t\t\t\t\t<\/div>\n\t\t\t\t<\/div>\n\t\t\t\t<div class=\"elementor-element elementor-element-415da14 elementor-widget__width-initial elementor-blockquote--skin-border elementor-widget elementor-widget-blockquote\" data-id=\"415da14\" data-element_type=\"widget\" data-widget_type=\"blockquote.default\">\n\t\t\t\t<div class=\"elementor-widget-container\">\n\t\t\t\t\t\t\t<blockquote class=\"elementor-blockquote\">\n\t\t\t<p class=\"elementor-blockquote__content\">\n\t\t\t\t<span style=\"font-size: 19px\"><i>Las palabras del embajador ecuatoriano encierran una peligrosa verdad en el sentido de que incluso los aliados de EE.UU. en Am\u00e9rica Latina son susceptibles a China a pesar de no tener intenciones de cambiar su pol\u00edtica exterior.<\/i><\/span>\t\t\t<\/p>\n\t\t\t\t\t<\/blockquote>\n\t\t\t\t\t\t<\/div>\n\t\t\t\t<\/div>\n\t\t\t\t<div class=\"elementor-element elementor-element-0180e14 elementor-widget__width-initial elementor-widget elementor-widget-text-editor\" data-id=\"0180e14\" data-element_type=\"widget\" data-widget_type=\"text-editor.default\">\n\t\t\t\t<div class=\"elementor-widget-container\">\n\t\t\t\t\t\t\t\t\t<div><div><div><div><div><div><div><div><div><div><div style=\"margin: 0px 0px 35px; padding: 0px; border: 0px; vertical-align: baseline; background: transparent; outline: none !important;\"><div style=\"margin: 0px; padding: 0px; border: 0px; vertical-align: baseline; background: transparent; outline: none !important;\"><div style=\"margin: 0px 0px 35px; padding: 0px; border: 0px; vertical-align: baseline; background: transparent; outline: none !important;\"><div style=\"margin: 0px; padding: 0px; border: 0px; vertical-align: baseline; background: transparent; outline: none !important;\"><div style=\"margin: 0px 0px 35px; padding: 0px; border: 0px; vertical-align: baseline; background: transparent; outline: none !important;\"><div style=\"margin: 0px; padding: 0px; border: 0px; vertical-align: baseline; background: transparent; outline: none !important;\"><p style=\"margin-right: 0px; margin-bottom: 50px; margin-left: 0px; padding: 0px; border: 0px; vertical-align: baseline; background: transparent; line-height: 34px; outline: none !important;\">Esto es evidente en un pr\u00e9stamo de 50 millones de d\u00f3lares del Banco Asi\u00e1tico de Inversi\u00f3n en Infraestructura (BAII) a Ecuador y un foro bilateral entre Brasil y China para aumentar la cooperaci\u00f3n en biotecnolog\u00eda agr\u00edcola. La diplomacia del guerrero lobo de China con los aliados de Estados Unidos en Am\u00e9rica Latina se produce mientras avanza su embestida diplom\u00e1tica para aislar a Taiw\u00e1n. Antes de tomar la antigua embajada de Taiw\u00e1n en Managua, el r\u00e9gimen de Ortega-Murillo rompi\u00f3 a principios de diciembre los antiguos lazos diplom\u00e1ticos de Nicaragua con Taiw\u00e1n, uni\u00e9ndose as\u00ed a El Salvador, provocando a Honduras y arrinconando a Guatemala en favor de China.<\/p><p>\u00a0<\/p><p style=\"margin-right: 0px; margin-bottom: 50px; margin-left: 0px; padding: 0px; border: 0px; vertical-align: baseline; background: transparent; line-height: 34px; outline: none !important;\">Y mientras los aliados de Estados Unidos se acercan a rega\u00f1adientes a China, los actores antiestadounidenses de la regi\u00f3n estrechan lazos y mejoran la cooperaci\u00f3n. Cuba firm\u00f3 recientemente un acuerdo con China en el marco de la Iniciativa de la Franja y la Ruta y participar\u00e1 en la cuarta Exposici\u00f3n Internacional de Importaciones de China (CIIE). M\u00e1s al sur, Argentina se acerca cada vez m\u00e1s a China, incluyendo negociaciones sobre el \u00abPlan de Cooperaci\u00f3n Espacial 2021-2025\u00bb, que abarca diferentes \u00e1reas de cooperaci\u00f3n para convertirse en socios estrat\u00e9gicos de la industria argentina del litio.<\/p><p>\u00a0<\/p><p style=\"margin-right: 0px; margin-bottom: 50px; margin-left: 0px; padding: 0px; border: 0px; vertical-align: baseline; background: transparent; line-height: 34px; outline: none !important;\">El nuevo presidente entrante en Chile podr\u00eda significar tambi\u00e9n una mejora de las relaciones con China. Los planes del pa\u00eds sudamericano de construir un cable submarino de 15.000 kil\u00f3metros para enviar energ\u00eda solar a China podr\u00edan ser el pr\u00f3ximo gran proyecto que estreche los lazos entre ambos pa\u00edses. China, primer socio comercial de Chile, est\u00e1 ya muy implicada en la industria del litio en el Cono Sur.<\/p><p>\u00a0<\/p><p class=\"has-text-align-center\" style=\"margin-right: 0px; margin-bottom: 50px; margin-left: 0px; padding: 0px; border: 0px; vertical-align: baseline; background: transparent; line-height: 34px; outline: none !important; text-align: center;\"><span style=\"margin: 0px; padding: 0px; border: 0px; vertical-align: baseline; background: transparent; color: #213569; outline: none !important;\"><a style=\"color: #213569; background-image: initial; background-position: initial; background-size: initial; background-repeat: initial; background-attachment: initial; background-origin: initial; background-clip: initial; margin: 0px; padding: 0px; border: 0px; vertical-align: baseline; transition: all 0.3s ease-out 0s; outline: none !important;\" href=\"https:\/\/www.securefreesociety.org\/wp-content\/uploads\/2022\/01\/VRIC-CHINA_2021.pdf\" target=\"_blank\" rel=\"noopener\">Haga clic aqu\u00ed para leer los informes de los medios de comunicaci\u00f3n sobre las\u00a0<strong style=\"font-weight: bold; margin: 0px; padding: 0px; border: 0px; vertical-align: baseline; background: transparent; outline: none !important;\">ACTIVIDADES DE CHINA EN AM\u00c9RICA LATINA<\/strong>\u00a0\u2013 Diciembre 2021<\/a><\/span><\/p><p style=\"margin-right: 0px; margin-bottom: 50px; margin-left: 0px; padding: 0px; border: 0px; vertical-align: baseline; background: transparent; line-height: 34px; text-align: center; outline: none !important;\"><a style=\"color: #007bff; background-image: initial; background-position: initial; background-size: initial; background-repeat: initial; background-attachment: initial; background-origin: initial; background-clip: initial; margin: 0px; padding: 0px; border: 0px; vertical-align: baseline; transition: all 0.3s ease-out 0s; outline: none !important;\" href=\"https:\/\/www.securefreesociety.org\/wp-content\/uploads\/2022\/01\/VRIC-MEDICAL_December2021.pdf\" target=\"_blank\" rel=\"noopener\"><span style=\"margin: 0px; padding: 0px; border: 0px; vertical-align: baseline; background: transparent; color: #213569; outline: none !important;\">Haga clic aqu\u00ed para leer los informes de los medios de comunicaci\u00f3n sobre\u00a0<strong style=\"font-weight: bold; margin: 0px; padding: 0px; border: 0px; vertical-align: baseline; background: transparent; outline: none !important;\">VRIC DIPLOMACIA<\/strong>\u00a0\u2013 Diciembre 2021<\/span><\/a><\/p><\/div><\/div><\/div><\/div><\/div><\/div><\/div><\/div><\/div><\/div><\/div><\/div><\/div><\/div><\/div><\/div>\t\t\t\t\t\t\t\t<\/div>\n\t\t\t\t<\/div>\n\t\t\t\t<div class=\"elementor-element elementor-element-ae1fde9 elementor-widget__width-initial elementor-widget elementor-widget-text-editor\" data-id=\"ae1fde9\" data-element_type=\"widget\" data-widget_type=\"text-editor.default\">\n\t\t\t\t<div class=\"elementor-widget-container\">\n\t\t\t\t\t\t\t\t\t<div><div><div><div><div><div><div><div><div><div><div><div><div><div><div><div><div style=\"margin: 0px 0px 35px; padding: 0px; border: 0px; vertical-align: baseline; background-image: initial; background-position: initial; background-size: initial; background-repeat: initial; background-attachment: initial; background-origin: initial; background-clip: initial; outline: none !important; font-size: 12px;\"><div style=\"margin: 0px; padding: 0px; border: 0px; vertical-align: baseline; background: transparent; outline: none !important;\"><div style=\"margin: 0px 0px 35px; padding: 0px; border: 0px; vertical-align: baseline; background-image: initial; background-position: initial; background-size: initial; background-repeat: initial; background-attachment: initial; background-origin: initial; background-clip: initial; outline: none !important;\"><div style=\"margin: 0px; padding: 0px; border: 0px; vertical-align: baseline; background: transparent; outline: none !important;\"><p style=\"margin-right: 0px; margin-bottom: 0px; margin-left: 0px; padding: 0px; border: 0px; vertical-align: baseline; background: transparent; font-size: 19px; color: #505050; line-height: 34px; outline: none !important;\"><em style=\"margin: 0px; padding: 0px; border: 0px; vertical-align: baseline; background: transparent; outline: none !important;\"><strong style=\"font-weight: bold; margin: 0px; padding: 0px; border: 0px; vertical-align: baseline; background: transparent; outline: none !important;\">Advertencia:<\/strong> El VRIC Monitor es un informe mensual publicado por el Centro para una Sociedad Libre y Segura (SFS) basado en informes de medios de comunicaci\u00f3n de c\u00f3digo abierto sobre las actividades de Venezuela, Rusia, Ir\u00e1n y China en Am\u00e9rica Latina y el Caribe. El informe rastrea algunos de los art\u00edculos m\u00e1s relevantes en sitios de noticias cre\u00edbles y publicaciones en medios sociales en m\u00faltiples idiomas (ingl\u00e9s, espa\u00f1ol, portugu\u00e9s, franc\u00e9s y \u00e1rabe).<\/em><\/p><p>\u00a0<\/p><p style=\"margin-right: 0px; margin-bottom: 0px; margin-left: 0px; padding: 0px; border: 0px; vertical-align: baseline; background: transparent; font-size: 19px; color: #505050; line-height: 34px; outline: none !important;\"><em style=\"margin: 0px; padding: 0px; border: 0px; vertical-align: baseline; background: transparent; outline: none !important;\">Dado que es inevitable que nuestro rastreo recoja propaganda gubernamental de los medios de comunicaci\u00f3n estatales o controlados por los pa\u00edses VRIC, estos art\u00edculos se revisan cuidadosamente y no representan m\u00e1s del 20% del informe general. Y su objetivo es informar sobre noticias que no aparecen en otros medios de comunicaci\u00f3n m\u00e1s cre\u00edbles y que son relevantes para comprender la influencia del VRIC en Am\u00e9rica Latina y el Caribe.<\/em><\/p><\/div><\/div><\/div><\/div><\/div><\/div><\/div><\/div><\/div><\/div><\/div><\/div><\/div><\/div><\/div><\/div><\/div><\/div><\/div><\/div>\t\t\t\t\t\t\t\t<\/div>\n\t\t\t\t<\/div>\n\t\t\t\t\t<\/div>\n\t\t<\/div>\n\t\t\t\t\t<\/div>\n\t\t<\/section>\n\t\t\t\t<\/div>\n\t\t","protected":false},"excerpt":{"rendered":"<p>Una nueva ola socialista y autoritaria se levanta en la regi\u00f3n en 2022, empujando a Am\u00e9rica Latina a un punto de inflexi\u00f3n. Rusia, Ir\u00e1n y China est\u00e1n aprovechando estas nuevas oportunidades. El superciclo electoral abri\u00f3 oportunidades para los socialistas.<\/p>\n","protected":false},"author":1,"featured_media":3052,"comment_status":"open","ping_status":"open","sticky":false,"template":"","format":"standard","meta":{"_monsterinsights_skip_tracking":false,"_monsterinsights_sitenote_active":false,"_monsterinsights_sitenote_note":"","_monsterinsights_sitenote_category":0,"footnotes":""},"categories":[10],"tags":[],"class_list":["post-3650","post","type-post","status-publish","format-standard","has-post-thumbnail","hentry","category-sin-categorizar"],"jetpack_featured_media_url":"https:\/\/vric.securefreesociety.org\/wp-content\/uploads\/2022\/01\/24vr.jpg","_links":{"self":[{"href":"https:\/\/vric.securefreesociety.org\/es\/wp-json\/wp\/v2\/posts\/3650","targetHints":{"allow":["GET"]}}],"collection":[{"href":"https:\/\/vric.securefreesociety.org\/es\/wp-json\/wp\/v2\/posts"}],"about":[{"href":"https:\/\/vric.securefreesociety.org\/es\/wp-json\/wp\/v2\/types\/post"}],"author":[{"embeddable":true,"href":"https:\/\/vric.securefreesociety.org\/es\/wp-json\/wp\/v2\/users\/1"}],"replies":[{"embeddable":true,"href":"https:\/\/vric.securefreesociety.org\/es\/wp-json\/wp\/v2\/comments?post=3650"}],"version-history":[{"count":76,"href":"https:\/\/vric.securefreesociety.org\/es\/wp-json\/wp\/v2\/posts\/3650\/revisions"}],"predecessor-version":[{"id":5028,"href":"https:\/\/vric.securefreesociety.org\/es\/wp-json\/wp\/v2\/posts\/3650\/revisions\/5028"}],"wp:featuredmedia":[{"embeddable":true,"href":"https:\/\/vric.securefreesociety.org\/es\/wp-json\/wp\/v2\/media\/3052"}],"wp:attachment":[{"href":"https:\/\/vric.securefreesociety.org\/es\/wp-json\/wp\/v2\/media?parent=3650"}],"wp:term":[{"taxonomy":"category","embeddable":true,"href":"https:\/\/vric.securefreesociety.org\/es\/wp-json\/wp\/v2\/categories?post=3650"},{"taxonomy":"post_tag","embeddable":true,"href":"https:\/\/vric.securefreesociety.org\/es\/wp-json\/wp\/v2\/tags?post=3650"}],"curies":[{"name":"wp","href":"https:\/\/api.w.org\/{rel}","templated":true}]}}