{"id":3678,"date":"2020-03-01T12:36:57","date_gmt":"2020-03-01T12:36:57","guid":{"rendered":"https:\/\/vricmonitor.org\/maximum-pressure-march-against-maduro-regime-in-venezuela\/"},"modified":"2024-08-21T15:03:11","modified_gmt":"2024-08-21T15:03:11","slug":"maximum-pressure-march-against-maduro-regime-in-venezuela","status":"publish","type":"post","link":"https:\/\/vric.securefreesociety.org\/es\/maximum-pressure-march-against-maduro-regime-in-venezuela\/","title":{"rendered":"\u201cMAXIMUM PRESSURE MARCH\u201d AGAINST MADURO REGIME IN VENEZUELA"},"content":{"rendered":"\t\t<div data-elementor-type=\"wp-post\" data-elementor-id=\"3678\" class=\"elementor elementor-3678 elementor-692\" data-elementor-post-type=\"post\">\n\t\t\t\t\t\t<section class=\"elementor-section elementor-top-section elementor-element elementor-element-1c6a46b elementor-section-boxed elementor-section-height-default elementor-section-height-default\" data-id=\"1c6a46b\" data-element_type=\"section\">\n\t\t\t\t\t\t<div class=\"elementor-container elementor-column-gap-default\">\n\t\t\t\t\t<div class=\"elementor-column elementor-col-100 elementor-top-column elementor-element elementor-element-c35842f\" data-id=\"c35842f\" data-element_type=\"column\">\n\t\t\t<div class=\"elementor-widget-wrap elementor-element-populated\">\n\t\t\t\t\t\t<div class=\"elementor-element elementor-element-75c2421 elementor-widget elementor-widget-image\" data-id=\"75c2421\" data-element_type=\"widget\" data-widget_type=\"image.default\">\n\t\t\t\t<div class=\"elementor-widget-container\">\n\t\t\t\t\t\t\t\t\t\t\t\t\t\t\t<img fetchpriority=\"high\" decoding=\"async\" width=\"800\" height=\"430\" src=\"https:\/\/vric.securefreesociety.org\/wp-content\/uploads\/2020\/03\/vric10en-1024x550.png\" class=\"attachment-large size-large wp-image-5411\" alt=\"\" srcset=\"https:\/\/vric.securefreesociety.org\/wp-content\/uploads\/2020\/03\/vric10en-1024x550.png 1024w, https:\/\/vric.securefreesociety.org\/wp-content\/uploads\/2020\/03\/vric10en-300x161.png 300w, https:\/\/vric.securefreesociety.org\/wp-content\/uploads\/2020\/03\/vric10en-768x412.png 768w, https:\/\/vric.securefreesociety.org\/wp-content\/uploads\/2020\/03\/vric10en-1536x825.png 1536w, https:\/\/vric.securefreesociety.org\/wp-content\/uploads\/2020\/03\/vric10en.png 1920w\" sizes=\"(max-width: 800px) 100vw, 800px\" \/>\t\t\t\t\t\t\t\t\t\t\t\t\t\t\t<\/div>\n\t\t\t\t<\/div>\n\t\t\t\t<div class=\"elementor-element elementor-element-8aa43b7 elementor-widget__width-initial elementor-widget elementor-widget-text-editor\" data-id=\"8aa43b7\" data-element_type=\"widget\" data-widget_type=\"text-editor.default\">\n\t\t\t\t<div class=\"elementor-widget-container\">\n\t\t\t\t\t\t\t\t\t<div><div><div><div><div style=\"margin: 0px 0px 35px; padding: 0px; border: 0px; vertical-align: baseline; background: transparent; color: #000000; font-size: 12px; outline: none !important;\"><div style=\"margin: 0px; padding: 0px; border: 0px; vertical-align: baseline; background: transparent; outline: none !important;\"><div style=\"margin: 0px 0px 35px; padding: 0px; border: 0px; vertical-align: baseline; background: transparent; outline: none !important;\"><div style=\"margin: 0px; padding: 0px; border: 0px; vertical-align: baseline; background: transparent; outline: none !important;\"><div style=\"margin: 0px 0px 35px; padding: 0px; border: 0px; vertical-align: baseline; background: transparent; outline: none !important;\"><div style=\"margin: 0px; padding: 0px; border: 0px; vertical-align: baseline; background: transparent; outline: none !important;\"><p style=\"margin-right: 0px; margin-bottom: 50px; margin-left: 0px; padding: 0px; border: 0px; vertical-align: baseline; background: transparent; font-size: 19px; color: #505050; line-height: 34px; outline: none !important;\">February marked an important advancement in the United States\u2019 \u201cmaximum pressure\u201d policy on the Maduro regime in Venezuela\u2013 focused on the extra-regional actors propping up the regime. For the first time, the Trump administration sanctioned an important subsidiary of Russia\u2019s state-owned oil giant, Rosneft, for its role in controlling the Venezuelan oil industry. As the pressure mounts, however, the VRIC allies continually find ways to evade sanctions through a maze of companies and increased collaboration. To skirt oil sanctions the Maduro regime transferred its exports to another Rosneft subsidiary, then restructured PDVSA and placed it under the purview of the Venezuelan Vice President for the Economy, Tareck El Aissami.<\/p><p>\u00a0<\/p><p style=\"margin-right: 0px; margin-bottom: 50px; margin-left: 0px; padding: 0px; border: 0px; vertical-align: baseline; background: transparent; font-size: 19px; color: #505050; line-height: 34px; outline: none !important;\">For its part, Iran is also ramping up its covert operations, as the Venezuelan state- owned airline CONVIASA was sanctioned by the U.S. in early February. A specific CONVIASA flight, known as \u201cAero-Terror,\u201d was recently spotted traveling throughout the region for the first time in many years with Iranian pilots from Mahan Air flying the Venezuelan Airbus 340. Meanwhile, the second suspicious case surfaced of Iranian nationals entering the region with fake Israeli passports, this time in Ecuador, in a similar fashion to a previous case last year in Argentina.<\/p><p>\u00a0<\/p><p style=\"margin-right: 0px; margin-bottom: 50px; margin-left: 0px; padding: 0px; border: 0px; vertical-align: baseline; background: transparent; font-size: 19px; color: #505050; line-height: 34px; outline: none !important;\">While Maduro continually constructs counter-measures to what has been dubbed \u201cMaximum Pressure March\u201d by Trump administration officials, the United States, Colombia, and Brazil begin to coordinate new methods of pressuring the regime. Brazil recently downgraded its diplomatic relationship with Venezuela by removing its diplomatic corp from the country.<\/p><p>\u00a0<\/p><p style=\"margin-right: 0px; margin-bottom: 50px; margin-left: 0px; padding: 0px; border: 0px; vertical-align: baseline; background: transparent; font-size: 19px; color: #505050; line-height: 34px; outline: none !important;\">President Bolsonaro visited U.S. Southern Command in Florida to sign several defense agreements bolstering military cooperation with the U.S. after President Duque visited President Trump at the White House in early March. These high-level, impromptu meetings between the three countries suggest a more multilateral and coordinated effort to force Maduro to resign. The VRIC, on the other hand, seems to be strengthening its capacity to upend the region\u2019s stability in the near future.<\/p><p>\u00a0<\/p><p style=\"margin-right: 0px; margin-bottom: 50px; margin-left: 0px; padding: 0px; border: 0px; vertical-align: baseline; background: transparent; font-size: 19px; color: #505050; line-height: 34px; outline: none !important;\"><strong style=\"font-weight: bold; margin: 0px; padding: 0px; border: 0px; vertical-align: baseline; background: transparent; outline: none !important;\">MUST READS<\/strong><\/p><ul style=\"margin-right: 0px; margin-left: 0px; padding: 0px; list-style: square; font-size: 12px; outline-style: none !important; outline-width: initial !important;\"><li style=\"margin-right: 0px; margin-bottom: 40px; margin-left: 0px; padding: 0px 0px 0px 40px; list-style: none; position: relative; font-size: 19px; color: #505050; line-height: 34px; outline-style: none !important; outline-width: initial !important;\"><a style=\"color: #007bff; background-image: initial; background-position: initial; background-size: initial; background-repeat: initial; background-attachment: initial; background-origin: initial; background-clip: initial; margin: 0px; padding: 0px; border: 0px; vertical-align: baseline; transition: all 0.3s ease-out 0s; outline: none !important;\" href=\"https:\/\/www.miamiherald.com\/news\/nation-world\/world\/americas\/article241015816.html\" target=\"_blank\" rel=\"noreferrer noopener\">Brazil\u2019s leader promises to restore \u201cnorth-south\u201d alliance with U.S. in Miami speech<\/a>\u00a0by Nora G\u00e1mez Torres, Miami Herald\u00a0<\/li><li style=\"margin-right: 0px; margin-bottom: 40px; margin-left: 0px; padding: 0px 0px 0px 40px; list-style: none; position: relative; font-size: 19px; color: #505050; line-height: 34px; outline-style: none !important; outline-width: initial !important;\"><a style=\"color: #007bff; background-image: initial; background-position: initial; background-size: initial; background-repeat: initial; background-attachment: initial; background-origin: initial; background-clip: initial; margin: 0px; padding: 0px; border: 0px; vertical-align: baseline; transition: all 0.3s ease-out 0s; outline: none !important;\" href=\"https:\/\/www.whitehouse.gov\/briefings-statements\/joint-statement-president-donald-j-trump-president-jair-bolsonaro-2\/\">Joint Statement from President Donald J. Trump and President Jair Bolsonaro<\/a>\u00a0from the White House<\/li><li style=\"margin-right: 0px; margin-bottom: 40px; margin-left: 0px; padding: 0px 0px 0px 40px; list-style: none; position: relative; font-size: 19px; color: #505050; line-height: 34px; outline-style: none !important; outline-width: initial !important;\"><a style=\"color: #007bff; background-image: initial; background-position: initial; background-size: initial; background-repeat: initial; background-attachment: initial; background-origin: initial; background-clip: initial; margin: 0px; padding: 0px; border: 0px; vertical-align: baseline; transition: all 0.3s ease-out 0s; outline: none !important;\" href=\"https:\/\/www.whitehouse.gov\/briefings-statements\/remarks-president-trump-president-duque-colombia-bilateral-meeting-2\/\">Remarks by President Trump and President Duque of Colombia Before Bilateral Meeting\u00a0<\/a>from the White House<\/li><li style=\"margin-right: 0px; margin-bottom: 40px; margin-left: 0px; padding: 0px 0px 0px 40px; list-style: none; position: relative; font-size: 19px; color: #505050; line-height: 34px; outline-style: none !important; outline-width: initial !important;\"><a style=\"color: #007bff; background-image: initial; background-position: initial; background-size: initial; background-repeat: initial; background-attachment: initial; background-origin: initial; background-clip: initial; margin: 0px; padding: 0px; border: 0px; vertical-align: baseline; transition: all 0.3s ease-out 0s; outline: none !important;\" href=\"https:\/\/www.bloomberg.com\/news\/articles\/2020-02-13\/trump-national-security-official-eyed-for-latin-america-bank-job\">Trump National Security Official Eyed for Latin America Bank Job<\/a>\u00a0by Eric Martin and Ben Bartenstein, Bloomberg<\/li><li style=\"margin-right: 0px; margin-bottom: 40px; margin-left: 0px; padding: 0px 0px 0px 40px; list-style: none; position: relative; font-size: 19px; color: #505050; line-height: 34px; outline-style: none !important; outline-width: initial !important;\"><a style=\"color: #007bff; background-image: initial; background-position: initial; background-size: initial; background-repeat: initial; background-attachment: initial; background-origin: initial; background-clip: initial; margin: 0px; padding: 0px; border: 0px; vertical-align: baseline; transition: all 0.3s ease-out 0s; outline: none !important;\" href=\"https:\/\/www.as-coa.org\/articles\/where-coronavirus-latin-america\">Where Is the Coronavirus in Latin America?<\/a>\u00a0by Luisa Horwitz and Paola Nagovitch, AS\/COA<\/li><li style=\"margin-right: 0px; margin-bottom: 40px; margin-left: 0px; padding: 0px 0px 0px 40px; list-style: none; position: relative; font-size: 19px; color: #505050; line-height: 34px; outline-style: none !important; outline-width: initial !important;\"><a style=\"color: #007bff; background-image: initial; background-position: initial; background-size: initial; background-repeat: initial; background-attachment: initial; background-origin: initial; background-clip: initial; margin: 0px; padding: 0px; border: 0px; vertical-align: baseline; transition: all 0.3s ease-out 0s; outline: none !important;\" href=\"https:\/\/www.batimes.com.ar\/news\/economy\/alberto-fernandez-eyes-china-in-bid-to-alleviate-argentinas-debt-crisis.phtml\">Alberto Fern\u00e1ndez eyes China in bid to alleviate Argentina\u2019s debt crisis<\/a>\u00a0by Fermin Koop, Buenos Aires Times<\/li><li style=\"margin-right: 0px; margin-bottom: 40px; margin-left: 0px; padding: 0px 0px 0px 40px; list-style: none; position: relative; font-size: 19px; color: #505050; line-height: 34px; outline-style: none !important; outline-width: initial !important;\"><a style=\"color: #007bff; background-image: initial; background-position: initial; background-size: initial; background-repeat: initial; background-attachment: initial; background-origin: initial; background-clip: initial; margin: 0px; padding: 0px; border: 0px; vertical-align: baseline; transition: all 0.3s ease-out 0s; outline: none !important;\" href=\"https:\/\/thehill.com\/latino\/482665-lawmakers-raise-concerns-over-russias-growing-influence-in-venezuela\">Lawmakers raise concerns over Russia\u2019s growing influence in Venezuela<\/a>\u00a0by Rafael Bernal, The Hill<\/li><li style=\"margin-right: 0px; margin-bottom: 40px; margin-left: 0px; padding: 0px 0px 0px 40px; list-style: none; position: relative; font-size: 19px; color: #505050; line-height: 34px; outline-style: none !important; outline-width: initial !important;\"><a style=\"color: #007bff; background-image: initial; background-position: initial; background-size: initial; background-repeat: initial; background-attachment: initial; background-origin: initial; background-clip: initial; margin: 0px; padding: 0px; border: 0px; vertical-align: baseline; transition: all 0.3s ease-out 0s; outline: none !important;\" href=\"https:\/\/elpais.com\/internacional\/2020\/02\/28\/mexico\/1582846658_448957.html?utm_source=Today+in+Latin+America&amp;utm_campaign=437157e00f-EMAIL_CAMPAIGN_2020_03_02_02_04&amp;utm_medium=email&amp;utm_term=0_73d76ad46b-437157e00f-101968427\">Putin\u2019s spy wanted the best for his town, Oaxaca<\/a>\u00a0by El\u00edas Camhaji, Jacobo Garc\u00eda, and Mar\u00eda Sahuquillo, El Pa\u00eds (content in Spanish)\u00a0<\/li><li style=\"margin-right: 0px; margin-bottom: 40px; margin-left: 0px; padding: 0px 0px 0px 40px; list-style: none; position: relative; font-size: 19px; color: #505050; line-height: 34px; outline-style: none !important; outline-width: initial !important;\"><a style=\"color: #007bff; background-image: initial; background-position: initial; background-size: initial; background-repeat: initial; background-attachment: initial; background-origin: initial; background-clip: initial; margin: 0px; padding: 0px; border: 0px; vertical-align: baseline; transition: all 0.3s ease-out 0s; outline: none !important;\" href=\"https:\/\/bitcoinmagazine.com\/articles\/despite-utility-bitcoin-cannot-fix-venezuela\">Despite Utility, Bitcoin Cannot Fix Venezuela<\/a>\u00a0by David Hollerith, Bitcoin Magazine<\/li><li style=\"margin-right: 0px; margin-bottom: 40px; margin-left: 0px; padding: 0px 0px 0px 40px; list-style: none; position: relative; font-size: 19px; color: #505050; line-height: 34px; outline-style: none !important; outline-width: initial !important;\"><a style=\"color: #007bff; background-image: initial; background-position: initial; background-size: initial; background-repeat: initial; background-attachment: initial; background-origin: initial; background-clip: initial; margin: 0px; padding: 0px; border: 0px; vertical-align: baseline; transition: all 0.3s ease-out 0s; outline: none !important;\" href=\"https:\/\/www.americasquarterly.org\/content\/bolivia-still-stuck-evo-morales\">Bolivia Is Still Stuck on Evo Morales<\/a>\u00a0by Brendan O\u2019Boyle, Americas Quarterly<\/li><\/ul><\/div><\/div><\/div><\/div><\/div><\/div><\/div><\/div><\/div><\/div>\t\t\t\t\t\t\t\t<\/div>\n\t\t\t\t<\/div>\n\t\t\t\t<div class=\"elementor-element elementor-element-47614de elementor-widget__width-initial elementor-widget elementor-widget-image\" data-id=\"47614de\" data-element_type=\"widget\" data-widget_type=\"image.default\">\n\t\t\t\t<div class=\"elementor-widget-container\">\n\t\t\t\t\t\t\t\t\t\t\t\t\t\t\t<img decoding=\"async\" width=\"1536\" height=\"640\" src=\"https:\/\/vric.securefreesociety.org\/wp-content\/uploads\/2021\/09\/venezuelacovermonitor-1-1536x640-1.webp\" class=\"attachment-full size-full wp-image-3850\" alt=\"\" srcset=\"https:\/\/vric.securefreesociety.org\/wp-content\/uploads\/2021\/09\/venezuelacovermonitor-1-1536x640-1.webp 1536w, https:\/\/vric.securefreesociety.org\/wp-content\/uploads\/2021\/09\/venezuelacovermonitor-1-1536x640-1-300x125.webp 300w, https:\/\/vric.securefreesociety.org\/wp-content\/uploads\/2021\/09\/venezuelacovermonitor-1-1536x640-1-1024x427.webp 1024w, https:\/\/vric.securefreesociety.org\/wp-content\/uploads\/2021\/09\/venezuelacovermonitor-1-1536x640-1-768x320.webp 768w\" sizes=\"(max-width: 1536px) 100vw, 1536px\" \/>\t\t\t\t\t\t\t\t\t\t\t\t\t\t\t<\/div>\n\t\t\t\t<\/div>\n\t\t\t\t<div class=\"elementor-element elementor-element-efd6b5f elementor-widget__width-initial elementor-widget elementor-widget-text-editor\" data-id=\"efd6b5f\" data-element_type=\"widget\" data-widget_type=\"text-editor.default\">\n\t\t\t\t<div class=\"elementor-widget-container\">\n\t\t\t\t\t\t\t\t\t<div><div><div><div><div><div><div><div><div><div><div style=\"margin: 0px 0px 35px; padding: 0px; border: 0px; vertical-align: baseline; background: transparent; outline: none !important;\"><div style=\"margin: 0px; padding: 0px; border: 0px; vertical-align: baseline; background: transparent; outline: none !important;\"><p style=\"margin-right: 0px; margin-bottom: 50px; margin-left: 0px; padding: 0px; border: 0px; vertical-align: baseline; background: transparent; line-height: 34px; outline: none !important;\">The U.S. is entering \u201cMaximum Pressure March,\u201d hosting impromptu meetings with President Ivan Duque of Colombia and President Jair Bolsonaro of Brazil to discuss plans to ratchet up pressure on the Maduro regime in Venezuela. This comes after the Trump administration sanctioned the Russian oil brokerage firm, Rosneft Trading S.A., for helping bankroll the Maduro regime. The maximum pressure campaign on Venezuela has elicited a VRIC response; the Maduro regime held an emergency meeting following the sanctions and appointed Tareck El Aissami to lead the state-owned enterprise, PDVSA, pivoting Venezuela\u2019s oil industry closer to Syria.<\/p><p>\u00a0<\/p><p style=\"margin-right: 0px; margin-bottom: 50px; margin-left: 0px; padding: 0px; border: 0px; vertical-align: baseline; background: transparent; line-height: 34px; outline: none !important;\">Meanwhile, another company that isn\u2019t sanctioned and is affiliated with the Moscow-based oil giant Rosneft, is increasing shipments from Venezuela. Russian Foreign Minister Sergei Lavrov issued a statement from Mexico condemning the sanctions shortly before traveling to Venezuela to meet with top Maduro officials.\u00a0<\/p><p>\u00a0<\/p><p style=\"margin-right: 0px; margin-bottom: 50px; margin-left: 0px; padding: 0px; border: 0px; vertical-align: baseline; background: transparent; line-height: 34px; outline: none !important;\">Other South American countries are on alert as subtle warnings from Maduro insinuate that March could be the beginning of another flare-up of region-wide protests, namely in Chile. Signs of another \u201cBolivarian breeze\u201d are surfacing in Santiago, where police detained 283 people for ensuing violence early in March that forced several metro stations to close. The Dominican Republic and Haiti also experienced recent protests, while movements are unifying in opposition to Daniel Ortega in Nicaragua. Lastly, Bolivia is battling internal divisions that are fracturing the A\u00f1ez government in the lead up to presidential elections in May.<\/p><p>\u00a0<\/p><p style=\"margin-right: 0px; margin-bottom: 50px; margin-left: 0px; padding: 0px; border: 0px; vertical-align: baseline; background: transparent; line-height: 34px; outline: none !important;\"><strong style=\"font-weight: bold; margin: 0px; padding: 0px; border: 0px; vertical-align: baseline; background: transparent; outline: none !important;\">VENEZUELA AID TRACKER<\/strong>\u00a0<\/p><figure class=\"wp-block-table\" style=\"padding: 0px; background: none; color: #000000; font-size: 12px; outline: none !important;\"><table style=\"margin: 0px -1px 24px 0px; padding: 0px; border: 1px solid #e7e7e7; vertical-align: baseline; background-image: initial; background-position: initial; background-size: initial; background-repeat: initial; background-attachment: initial; background-origin: initial; background-clip: initial; width: 870px; outline: none !important;\"><tbody style=\"margin: 0px; padding: 0px; border: 0px; vertical-align: baseline; background: transparent; outline: none !important;\"><tr style=\"margin: 0px; padding: 0px; border: 0px; vertical-align: baseline; background: transparent; outline: none !important;\"><td style=\"margin: 0px; vertical-align: baseline; background: transparent; word-break: normal; outline: none !important;\"><strong style=\"font-weight: bold; margin: 0px; padding: 0px; border: 0px; vertical-align: baseline; background: transparent; outline: none !important;\"><a style=\"color: #007bff; background-image: initial; background-position: initial; background-size: initial; background-repeat: initial; background-attachment: initial; background-origin: initial; background-clip: initial; margin: 0px; padding: 0px; border: 0px; vertical-align: baseline; transition: all 0.3s ease-out 0s; outline: none !important;\" href=\"https:\/\/www.usaid.gov\/news-information\/press-releases\/apr-10-2019-united-states-provides-additional-humanitarian-aid-venezuelans-who-fled-country\" target=\"_blank\" rel=\"noreferrer noopener\">United States<\/a>\u00a0\u00a0<\/strong><\/td><td style=\"margin: 0px; vertical-align: baseline; background: transparent; word-break: normal; outline: none !important;\"><strong style=\"font-weight: bold; margin: 0px; padding: 0px; border: 0px; vertical-align: baseline; background: transparent; outline: none !important;\">\u00a0$213 million dollars<\/strong><\/td><\/tr><tr style=\"margin: 0px; padding: 0px; border: 0px; vertical-align: baseline; background: transparent; outline: none !important;\"><td style=\"margin: 0px; vertical-align: baseline; background: transparent; word-break: normal; outline: none !important;\"><strong style=\"font-weight: bold; margin: 0px; padding: 0px; border: 0px; vertical-align: baseline; background: transparent; outline: none !important;\"><a style=\"color: #007bff; background-image: initial; background-position: initial; background-size: initial; background-repeat: initial; background-attachment: initial; background-origin: initial; background-clip: initial; margin: 0px; padding: 0px; border: 0px; vertical-align: baseline; transition: all 0.3s ease-out 0s; outline: none !important;\" href=\"https:\/\/cancilleria.gob.ar\/en\/announcements\/news\/support-reconstruction-venezuela-unit-created-foreign-ministry\">Argentina<\/a><\/strong><\/td><td style=\"margin: 0px; vertical-align: baseline; background: transparent; word-break: normal; outline: none !important;\"><strong style=\"font-weight: bold; margin: 0px; padding: 0px; border: 0px; vertical-align: baseline; background: transparent; outline: none !important;\">\u00a0Help unit<\/strong><\/td><\/tr><tr style=\"margin: 0px; padding: 0px; border: 0px; vertical-align: baseline; background: transparent; outline: none !important;\"><td style=\"margin: 0px; vertical-align: baseline; background: transparent; word-break: normal; outline: none !important;\"><a style=\"color: #007bff; background-image: initial; background-position: initial; background-size: initial; background-repeat: initial; background-attachment: initial; background-origin: initial; background-clip: initial; margin: 0px; padding: 0px; border: 0px; vertical-align: baseline; transition: all 0.3s ease-out 0s; outline: none !important;\" href=\"https:\/\/www.theglobeandmail.com\/world\/article-aid-for-venezuela-to-go-to-trusted-humanitarian-groups-not\/\" target=\"_blank\" rel=\"noreferrer noopener\"><strong style=\"font-weight: bold; margin: 0px; padding: 0px; border: 0px; vertical-align: baseline; background: transparent; outline: none !important;\">Canada<\/strong><\/a><\/td><td style=\"margin: 0px; vertical-align: baseline; background: transparent; word-break: normal; outline: none !important;\"><strong style=\"font-weight: bold; margin: 0px; padding: 0px; border: 0px; vertical-align: baseline; background: transparent; outline: none !important;\">\u00a0$53 million dollars pledged<\/strong><\/td><\/tr><tr style=\"margin: 0px; padding: 0px; border: 0px; vertical-align: baseline; background: transparent; outline: none !important;\"><td style=\"margin: 0px; vertical-align: baseline; background: transparent; word-break: normal; outline: none !important;\"><strong style=\"font-weight: bold; margin: 0px; padding: 0px; border: 0px; vertical-align: baseline; background: transparent; outline: none !important;\"><a style=\"color: #007bff; background-image: initial; background-position: initial; background-size: initial; background-repeat: initial; background-attachment: initial; background-origin: initial; background-clip: initial; margin: 0px; padding: 0px; border: 0px; vertical-align: baseline; transition: all 0.3s ease-out 0s; outline: none !important;\" href=\"http:\/\/www.t13.cl\/noticia\/mundo\/chile-prepara-17-toneladas-ayuda-humanitaria-venezuela\">Chile<\/a><\/strong><\/td><td style=\"margin: 0px; vertical-align: baseline; background: transparent; word-break: normal; outline: none !important;\"><strong style=\"font-weight: bold; margin: 0px; padding: 0px; border: 0px; vertical-align: baseline; background: transparent; outline: none !important;\">\u00a017 tons of food &amp; medical supplies<\/strong><\/td><\/tr><tr style=\"margin: 0px; padding: 0px; border: 0px; vertical-align: baseline; background: transparent; outline: none !important;\"><td style=\"margin: 0px; vertical-align: baseline; background: transparent; word-break: normal; outline: none !important;\"><strong style=\"font-weight: bold; margin: 0px; padding: 0px; border: 0px; vertical-align: baseline; background: transparent; outline: none !important;\"><a style=\"color: #007bff; background-image: initial; background-position: initial; background-size: initial; background-repeat: initial; background-attachment: initial; background-origin: initial; background-clip: initial; margin: 0px; padding: 0px; border: 0px; vertical-align: baseline; transition: all 0.3s ease-out 0s; outline: none !important;\" href=\"https:\/\/www.elespectador.com\/noticias\/el-mundo\/china-envia-tercer-avion-con-ayuda-tecnica-humanitaria-venezuela-articulo-861148\">China<\/a><\/strong><\/td><td style=\"margin: 0px; vertical-align: baseline; background: transparent; word-break: normal; outline: none !important;\"><strong style=\"font-weight: bold; margin: 0px; padding: 0px; border: 0px; vertical-align: baseline; background: transparent; outline: none !important;\">\u00a0200 tons of medicine &amp; supplies<\/strong><\/td><\/tr><tr style=\"margin: 0px; padding: 0px; border: 0px; vertical-align: baseline; background: transparent; outline: none !important;\"><td style=\"margin: 0px; vertical-align: baseline; background: transparent; word-break: normal; outline: none !important;\"><strong style=\"font-weight: bold; margin: 0px; padding: 0px; border: 0px; vertical-align: baseline; background: transparent; outline: none !important;\">Croatia<\/strong><\/td><td style=\"margin: 0px; vertical-align: baseline; background: transparent; word-break: normal; outline: none !important;\"><strong style=\"font-weight: bold; margin: 0px; padding: 0px; border: 0px; vertical-align: baseline; background: transparent; outline: none !important;\">\u00a0$100,000 for medical purposes<\/strong><\/td><\/tr><tr style=\"margin: 0px; padding: 0px; border: 0px; vertical-align: baseline; background: transparent; outline: none !important;\"><td style=\"margin: 0px; vertical-align: baseline; background: transparent; word-break: normal; outline: none !important;\"><strong style=\"font-weight: bold; margin: 0px; padding: 0px; border: 0px; vertical-align: baseline; background: transparent; outline: none !important;\"><a style=\"color: #007bff; background-image: initial; background-position: initial; background-size: initial; background-repeat: initial; background-attachment: initial; background-origin: initial; background-clip: initial; margin: 0px; padding: 0px; border: 0px; vertical-align: baseline; transition: all 0.3s ease-out 0s; outline: none !important;\" href=\"https:\/\/www.telesurenglish.net\/news\/Cuba-Turkey-to-Attend-Venezuelas-Transplant-Patients-20190702-0017.html\">Cuba<\/a><\/strong><\/td><td style=\"margin: 0px; vertical-align: baseline; background: transparent; word-break: normal; outline: none !important;\"><strong style=\"font-weight: bold; margin: 0px; padding: 0px; border: 0px; vertical-align: baseline; background: transparent; outline: none !important;\">\u00a0Medical aid to transplant patients<\/strong><\/td><\/tr><tr style=\"margin: 0px; padding: 0px; border: 0px; vertical-align: baseline; background: transparent; outline: none !important;\"><td style=\"margin: 0px; vertical-align: baseline; background: transparent; word-break: normal; outline: none !important;\"><strong style=\"font-weight: bold; margin: 0px; padding: 0px; border: 0px; vertical-align: baseline; background: transparent; outline: none !important;\"><a style=\"color: #007bff; background-image: initial; background-position: initial; background-size: initial; background-repeat: initial; background-attachment: initial; background-origin: initial; background-clip: initial; margin: 0px; padding: 0px; border: 0px; vertical-align: baseline; transition: all 0.3s ease-out 0s; outline: none !important;\" href=\"https:\/\/publimetro.pe\/actualidad\/noticia-venezuela-union-europea-ayuda-humanitaria-no-debe-politizada-nndc-98148\">EU<\/a><\/strong><\/td><td style=\"margin: 0px; vertical-align: baseline; background: transparent; word-break: normal; outline: none !important;\"><strong style=\"font-weight: bold; margin: 0px; padding: 0px; border: 0px; vertical-align: baseline; background: transparent; outline: none !important;\">\u00a0\u20ac65 million euros +\u00a0<a style=\"color: #007bff; background-image: initial; background-position: initial; background-size: initial; background-repeat: initial; background-attachment: initial; background-origin: initial; background-clip: initial; margin: 0px; padding: 0px; border: 0px; vertical-align: baseline; transition: all 0.3s ease-out 0s; outline: none !important;\" href=\"https:\/\/eeas.europa.eu\/delegations\/japan\/69574\/remarks-high-representativevice-president-federica-mogherini-press-conference-following_en\">\u20ac120 million euros pledged<\/a>\u00a0<\/strong><\/td><\/tr><tr style=\"margin: 0px; padding: 0px; border: 0px; vertical-align: baseline; background: transparent; outline: none !important;\"><td style=\"margin: 0px; vertical-align: baseline; background: transparent; word-break: normal; outline: none !important;\"><strong style=\"font-weight: bold; margin: 0px; padding: 0px; border: 0px; vertical-align: baseline; background: transparent; outline: none !important;\"><a style=\"color: #007bff; background-image: initial; background-position: initial; background-size: initial; background-repeat: initial; background-attachment: initial; background-origin: initial; background-clip: initial; margin: 0px; padding: 0px; border: 0px; vertical-align: baseline; transition: all 0.3s ease-out 0s; outline: none !important;\" href=\"http:\/\/www.caraotadigital.net\/internacionales\/alemania-ayuda-humanitaria-venezuela\/\">Germany<\/a><\/strong><\/td><td style=\"margin: 0px; vertical-align: baseline; background: transparent; word-break: normal; outline: none !important;\"><strong style=\"font-weight: bold; margin: 0px; padding: 0px; border: 0px; vertical-align: baseline; background: transparent; outline: none !important;\">\u00a0\u20ac5 million euros<\/strong><\/td><\/tr><tr style=\"margin: 0px; padding: 0px; border: 0px; vertical-align: baseline; background: transparent; outline: none !important;\"><td style=\"margin: 0px; vertical-align: baseline; background: transparent; word-break: normal; outline: none !important;\"><strong style=\"font-weight: bold; margin: 0px; padding: 0px; border: 0px; vertical-align: baseline; background: transparent; outline: none !important;\"><a style=\"color: #007bff; background-image: initial; background-position: initial; background-size: initial; background-repeat: initial; background-attachment: initial; background-origin: initial; background-clip: initial; margin: 0px; padding: 0px; border: 0px; vertical-align: baseline; transition: all 0.3s ease-out 0s; outline: none !important;\" href=\"https:\/\/www.tasnimnews.com\/en\/news\/2019\/02\/24\/1954928\/iran-ready-to-send-medical-aid-to-venezuela\">Iran<\/a><\/strong><\/td><td style=\"margin: 0px; vertical-align: baseline; background: transparent; word-break: normal; outline: none !important;\"><strong style=\"font-weight: bold; margin: 0px; padding: 0px; border: 0px; vertical-align: baseline; background: transparent; outline: none !important;\">\u00a0Unspecified pledge &amp; medical aid<\/strong><\/td><\/tr><tr style=\"margin: 0px; padding: 0px; border: 0px; vertical-align: baseline; background: transparent; outline: none !important;\"><td style=\"margin: 0px; vertical-align: baseline; background: transparent; word-break: normal; outline: none !important;\"><strong style=\"font-weight: bold; margin: 0px; padding: 0px; border: 0px; vertical-align: baseline; background: transparent; outline: none !important;\"><a style=\"color: #007bff; background-image: initial; background-position: initial; background-size: initial; background-repeat: initial; background-attachment: initial; background-origin: initial; background-clip: initial; margin: 0px; padding: 0px; border: 0px; vertical-align: baseline; transition: all 0.3s ease-out 0s; outline: none !important;\" href=\"http:\/\/puntodecorte.com\/italia-dos-millones-venezuela\/\">Italy<\/a><\/strong><\/td><td style=\"margin: 0px; vertical-align: baseline; background: transparent; word-break: normal; outline: none !important;\"><strong style=\"font-weight: bold; margin: 0px; padding: 0px; border: 0px; vertical-align: baseline; background: transparent; outline: none !important;\">\u00a0\u20ac2 million euros &amp; medical aid to transplant patients\u00a0\u00a0\u00a0<\/strong><\/td><\/tr><tr style=\"margin: 0px; padding: 0px; border: 0px; vertical-align: baseline; background: transparent; outline: none !important;\"><td style=\"margin: 0px; vertical-align: baseline; background: transparent; word-break: normal; outline: none !important;\"><strong style=\"font-weight: bold; margin: 0px; padding: 0px; border: 0px; vertical-align: baseline; background: transparent; outline: none !important;\"><a style=\"color: #007bff; background-image: initial; background-position: initial; background-size: initial; background-repeat: initial; background-attachment: initial; background-origin: initial; background-clip: initial; margin: 0px; padding: 0px; border: 0px; vertical-align: baseline; transition: all 0.3s ease-out 0s; outline: none !important;\" href=\"https:\/\/www.newshub.co.nz\/home\/world\/2019\/02\/new-zealand-gives-500k-in-humanitarian-aid-to-venezuela-crisis.html\">New Zealand<\/a><\/strong><\/td><td style=\"margin: 0px; vertical-align: baseline; background: transparent; word-break: normal; outline: none !important;\"><strong style=\"font-weight: bold; margin: 0px; padding: 0px; border: 0px; vertical-align: baseline; background: transparent; outline: none !important;\">\u00a0$500,000 dollars<\/strong><\/td><\/tr><tr style=\"margin: 0px; padding: 0px; border: 0px; vertical-align: baseline; background: transparent; outline: none !important;\"><td style=\"margin: 0px; vertical-align: baseline; background: transparent; word-break: normal; outline: none !important;\"><strong style=\"font-weight: bold; margin: 0px; padding: 0px; border: 0px; vertical-align: baseline; background: transparent; outline: none !important;\"><a style=\"color: #007bff; background-image: initial; background-position: initial; background-size: initial; background-repeat: initial; background-attachment: initial; background-origin: initial; background-clip: initial; margin: 0px; padding: 0px; border: 0px; vertical-align: baseline; transition: all 0.3s ease-out 0s; outline: none !important;\" href=\"https:\/\/www.al-monitor.com\/pulse\/originals\/2019\/03\/palestine-cause-venezuela-support-maduro-medical-delegation.html\">Palestine<\/a><\/strong><\/td><td style=\"margin: 0px; vertical-align: baseline; background: transparent; word-break: normal; outline: none !important;\"><strong style=\"font-weight: bold; margin: 0px; padding: 0px; border: 0px; vertical-align: baseline; background: transparent; outline: none !important;\">\u00a0Surgical team<\/strong><\/td><\/tr><tr style=\"margin: 0px; padding: 0px; border: 0px; vertical-align: baseline; background: transparent; outline: none !important;\"><td style=\"margin: 0px; vertical-align: baseline; background: transparent; word-break: normal; outline: none !important;\"><strong style=\"font-weight: bold; margin: 0px; padding: 0px; border: 0px; vertical-align: baseline; background: transparent; outline: none !important;\"><a style=\"color: #007bff; background-image: initial; background-position: initial; background-size: initial; background-repeat: initial; background-attachment: initial; background-origin: initial; background-clip: initial; margin: 0px; padding: 0px; border: 0px; vertical-align: baseline; transition: all 0.3s ease-out 0s; outline: none !important;\" href=\"https:\/\/www.diariolasamericas.com\/america-latina\/llegan-venezuela-99-militares-rusos-35-toneladas-cargamento-n4174309\">Russia<\/a>\u00a0<\/strong><\/td><td style=\"margin: 0px; vertical-align: baseline; background: transparent; word-break: normal; outline: none !important;\"><strong style=\"font-weight: bold; margin: 0px; padding: 0px; border: 0px; vertical-align: baseline; background: transparent; outline: none !important;\">\u00a0335 tons of food &amp; medical supplies<\/strong><\/td><\/tr><tr style=\"margin: 0px; padding: 0px; border: 0px; vertical-align: baseline; background: transparent; outline: none !important;\"><td style=\"margin: 0px; vertical-align: baseline; background: transparent; word-break: normal; outline: none !important;\"><strong style=\"font-weight: bold; margin: 0px; padding: 0px; border: 0px; vertical-align: baseline; background: transparent; outline: none !important;\"><a style=\"color: #007bff; background-image: initial; background-position: initial; background-size: initial; background-repeat: initial; background-attachment: initial; background-origin: initial; background-clip: initial; margin: 0px; padding: 0px; border: 0px; vertical-align: baseline; transition: all 0.3s ease-out 0s; outline: none !important;\" href=\"https:\/\/en.yna.co.kr\/view\/AEN20190405007800315\">South Korea<\/a><\/strong><\/td><td style=\"margin: 0px; vertical-align: baseline; background: transparent; word-break: normal; outline: none !important;\"><strong style=\"font-weight: bold; margin: 0px; padding: 0px; border: 0px; vertical-align: baseline; background: transparent; outline: none !important;\">\u00a0$3 million dollars<\/strong><\/td><\/tr><tr style=\"margin: 0px; padding: 0px; border: 0px; vertical-align: baseline; background: transparent; outline: none !important;\"><td style=\"margin: 0px; vertical-align: baseline; background: transparent; word-break: normal; outline: none !important;\"><strong style=\"font-weight: bold; margin: 0px; padding: 0px; border: 0px; vertical-align: baseline; background: transparent; outline: none !important;\"><a style=\"color: #007bff; background-image: initial; background-position: initial; background-size: initial; background-repeat: initial; background-attachment: initial; background-origin: initial; background-clip: initial; margin: 0px; padding: 0px; border: 0px; vertical-align: baseline; transition: all 0.3s ease-out 0s; outline: none !important;\" href=\"https:\/\/www.eldiario.es\/sociedad\/Espana-destinara-millones-humanitaria-Venezuela_0_868263403.html\">Spain<\/a><\/strong><\/td><td style=\"margin: 0px; vertical-align: baseline; background: transparent; word-break: normal; outline: none !important;\"><strong style=\"font-weight: bold; margin: 0px; padding: 0px; border: 0px; vertical-align: baseline; background: transparent; outline: none !important;\">\u00a0\u20ac2 million euros<\/strong><\/td><\/tr><tr style=\"margin: 0px; padding: 0px; border: 0px; vertical-align: baseline; background: transparent; outline: none !important;\"><td style=\"margin: 0px; vertical-align: baseline; background: transparent; word-break: normal; outline: none !important;\"><strong style=\"font-weight: bold; margin: 0px; padding: 0px; border: 0px; vertical-align: baseline; background: transparent; outline: none !important;\"><a style=\"color: #007bff; background-image: initial; background-position: initial; background-size: initial; background-repeat: initial; background-attachment: initial; background-origin: initial; background-clip: initial; margin: 0px; padding: 0px; border: 0px; vertical-align: baseline; transition: all 0.3s ease-out 0s; outline: none !important;\" href=\"https:\/\/sverigesradio.se\/sida\/artikel.aspx?programid=2054&amp;artikel=7146710\">Sweden<\/a><\/strong><\/td><td style=\"margin: 0px; vertical-align: baseline; background: transparent; word-break: normal; outline: none !important;\"><strong style=\"font-weight: bold; margin: 0px; padding: 0px; border: 0px; vertical-align: baseline; background: transparent; outline: none !important;\">\u00a0$7 million dollars<\/strong><\/td><\/tr><tr style=\"margin: 0px; padding: 0px; border: 0px; vertical-align: baseline; background: transparent; outline: none !important;\"><td style=\"margin: 0px; vertical-align: baseline; background: transparent; word-break: normal; outline: none !important;\"><strong style=\"font-weight: bold; margin: 0px; padding: 0px; border: 0px; vertical-align: baseline; background: transparent; outline: none !important;\"><a style=\"color: #007bff; background-image: initial; background-position: initial; background-size: initial; background-repeat: initial; background-attachment: initial; background-origin: initial; background-clip: initial; margin: 0px; padding: 0px; border: 0px; vertical-align: baseline; transition: all 0.3s ease-out 0s; outline: none !important;\" href=\"http:\/\/www.ntn24.com\/america-latina\/venezuela\/taiwan-donara-500-mil-dolares-para-ayuda-humanitaria-en-venezuela-104004\">Taiwan<\/a><\/strong><\/td><td style=\"margin: 0px; vertical-align: baseline; background: transparent; word-break: normal; outline: none !important;\"><strong style=\"font-weight: bold; margin: 0px; padding: 0px; border: 0px; vertical-align: baseline; background: transparent; outline: none !important;\">\u00a0$500,000 dollars<\/strong><\/td><\/tr><tr style=\"margin: 0px; padding: 0px; border: 0px; vertical-align: baseline; background: transparent; outline: none !important;\"><td style=\"margin: 0px; vertical-align: baseline; background: transparent; word-break: normal; outline: none !important;\"><strong style=\"font-weight: bold; margin: 0px; padding: 0px; border: 0px; vertical-align: baseline; background: transparent; outline: none !important;\"><a style=\"color: #007bff; background-image: initial; background-position: initial; background-size: initial; background-repeat: initial; background-attachment: initial; background-origin: initial; background-clip: initial; margin: 0px; padding: 0px; border: 0px; vertical-align: baseline; transition: all 0.3s ease-out 0s; outline: none !important;\" href=\"https:\/\/www.telesurenglish.net\/news\/Cuba-Turkey-to-Attend-Venezuelas-Transplant-Patients-20190702-0017.html\">Turkey<\/a><\/strong><\/td><td style=\"margin: 0px; vertical-align: baseline; background: transparent; word-break: normal; outline: none !important;\"><strong style=\"font-weight: bold; margin: 0px; padding: 0px; border: 0px; vertical-align: baseline; background: transparent; outline: none !important;\">\u00a0Medical aid to transplant patients<\/strong><\/td><\/tr><tr style=\"margin: 0px; padding: 0px; border: 0px; vertical-align: baseline; background: transparent; outline: none !important;\"><td style=\"margin: 0px; vertical-align: baseline; background: transparent; word-break: normal; outline: none !important;\"><strong style=\"font-weight: bold; margin: 0px; padding: 0px; border: 0px; vertical-align: baseline; background: transparent; outline: none !important;\"><a style=\"color: #007bff; background-image: initial; background-position: initial; background-size: initial; background-repeat: initial; background-attachment: initial; background-origin: initial; background-clip: initial; margin: 0px; padding: 0px; border: 0px; vertical-align: baseline; transition: all 0.3s ease-out 0s; outline: none !important;\" href=\"https:\/\/www.thenational.ae\/uae\/government\/uae-gives-dh10-million-worth-of-aid-for-venezuela-refugees-as-crisis-grips-nation-1.838420\">UAE<\/a><\/strong><\/td><td style=\"margin: 0px; vertical-align: baseline; background: transparent; word-break: normal; outline: none !important;\"><strong style=\"font-weight: bold; margin: 0px; padding: 0px; border: 0px; vertical-align: baseline; background: transparent; outline: none !important;\">\u00a0Dh10 million<\/strong><\/td><\/tr><tr style=\"margin: 0px; padding: 0px; border: 0px; vertical-align: baseline; background: transparent; outline: none !important;\"><td style=\"margin: 0px; vertical-align: baseline; background: transparent; word-break: normal; outline: none !important;\"><strong style=\"font-weight: bold; margin: 0px; padding: 0px; border: 0px; vertical-align: baseline; background: transparent; outline: none !important;\"><a style=\"color: #007bff; background-image: initial; background-position: initial; background-size: initial; background-repeat: initial; background-attachment: initial; background-origin: initial; background-clip: initial; margin: 0px; padding: 0px; border: 0px; vertical-align: baseline; transition: all 0.3s ease-out 0s; outline: none !important;\" href=\"https:\/\/www.gov.uk\/government\/news\/uk-aid-to-provide-life-saving-assistance-for-venezuelans\">UK<\/a><\/strong><\/td><td style=\"margin: 0px; vertical-align: baseline; background: transparent; word-break: normal; outline: none !important;\"><strong style=\"font-weight: bold; margin: 0px; padding: 0px; border: 0px; vertical-align: baseline; background: transparent; outline: none !important;\">\u00a0\u00a36.5 million pounds<\/strong><\/td><\/tr><\/tbody><\/table><\/figure><ul style=\"margin-right: 0px; margin-left: 0px; padding: 0px; list-style: square; color: #000000; font-size: 12px; outline-style: none !important; outline-width: initial !important;\"><li style=\"margin-right: 0px; margin-bottom: 40px; margin-left: 0px; padding: 0px 0px 0px 40px; list-style: none; position: relative; font-size: 19px; color: #505050; line-height: 34px; outline-style: none !important; outline-width: initial !important;\">The electoral council in Venezuela says a fire in its main warehouse near the capital, Caracas, has destroyed most of the voting machines held there. \u2013\u00a0<a style=\"color: #007bff; background-image: initial; background-position: initial; background-size: initial; background-repeat: initial; background-attachment: initial; background-origin: initial; background-clip: initial; margin: 0px; padding: 0px; border: 0px; vertical-align: baseline; transition: all 0.3s ease-out 0s; outline: none !important;\" href=\"https:\/\/www.bbc.com\/news\/world-latin-america-51800316\">BCC on 09-MAR<\/a><\/li><li style=\"margin-right: 0px; margin-bottom: 40px; margin-left: 0px; padding: 0px 0px 0px 40px; list-style: none; position: relative; font-size: 19px; color: #505050; line-height: 34px; outline-style: none !important; outline-width: initial !important;\">Brazilian President Jair Bolsonaro visited U.S. Southern Command to meet with Adm. Craig Faller, in a historic visit that marks the first time a Brazilian president has visited USSOUTHCOM. The leaders discussed the growing defense-cooperation partnership between Brazil and the U.S. \u2013\u00a0<a style=\"color: #007bff; background-image: initial; background-position: initial; background-size: initial; background-repeat: initial; background-attachment: initial; background-origin: initial; background-clip: initial; margin: 0px; padding: 0px; border: 0px; vertical-align: baseline; transition: all 0.3s ease-out 0s; outline: none !important;\" href=\"https:\/\/www.southcom.mil\/MEDIA\/NEWS-ARTICLES\/Article\/2105124\/brazilian-president-visits-southcom\/\">U.S. Southern Command on 08-MAR<\/a><\/li><li style=\"margin-right: 0px; margin-bottom: 40px; margin-left: 0px; padding: 0px 0px 0px 40px; list-style: none; position: relative; font-size: 19px; color: #505050; line-height: 34px; outline-style: none !important; outline-width: initial !important;\">U.S. President Donald Trump said he will meet with Brazilian President Jair Bolsonaro in Florida on March 7th. \u2013\u00a0<a style=\"color: #007bff; background-image: initial; background-position: initial; background-size: initial; background-repeat: initial; background-attachment: initial; background-origin: initial; background-clip: initial; margin: 0px; padding: 0px; border: 0px; vertical-align: baseline; transition: all 0.3s ease-out 0s; outline: none !important;\" href=\"https:\/\/business.financialpost.com\/pmn\/business-pmn\/trump-plans-to-meet-with-brazils-bolsonaro-on-saturday-in-florida\">Financial Post on 06-MAR<\/a><\/li><li style=\"margin-right: 0px; margin-bottom: 40px; margin-left: 0px; padding: 0px 0px 0px 40px; list-style: none; position: relative; font-size: 19px; color: #505050; line-height: 34px; outline-style: none !important; outline-width: initial !important;\">Brazil\u2019s government has begun to pull its diplomats out of the embassy and consulate in Caracas as it moves to downgrade relations with Venezuela\u2019s Maduro regime. \u2013\u00a0<a style=\"color: #007bff; background-image: initial; background-position: initial; background-size: initial; background-repeat: initial; background-attachment: initial; background-origin: initial; background-clip: initial; margin: 0px; padding: 0px; border: 0px; vertical-align: baseline; transition: all 0.3s ease-out 0s; outline: none !important;\" href=\"https:\/\/www.reuters.com\/article\/us-venezuela-brazil\/brazil-pulls-diplomats-from-venezuela-embassy-idUSKBN20S2TS\">Reuters on 05-MAR<\/a><\/li><li style=\"margin-right: 0px; margin-bottom: 40px; margin-left: 0px; padding: 0px 0px 0px 40px; list-style: none; position: relative; font-size: 19px; color: #505050; line-height: 34px; outline-style: none !important; outline-width: initial !important;\">Rosneft Trading S.A., the top buyer of Venezuelan crude last year, was sanctioned on February 18th for helping sell the commodity that bankrolls the Maduro regime. Now, another company affiliated with Moscow-based oil giant that isn\u2019t sanctioned, is ramping up shipments from Venezuela. \u2013\u00a0<a style=\"color: #007bff; background-image: initial; background-position: initial; background-size: initial; background-repeat: initial; background-attachment: initial; background-origin: initial; background-clip: initial; margin: 0px; padding: 0px; border: 0px; vertical-align: baseline; transition: all 0.3s ease-out 0s; outline: none !important;\" href=\"https:\/\/www.bloomberg.com\/news\/articles\/2020-02-24\/sanctions-free-rosneft-affiliate-boosting-venezuelan-oil-exports\">Bloomberg on 24-FEB<\/a><\/li><li style=\"margin-right: 0px; margin-bottom: 40px; margin-left: 0px; padding: 0px 0px 0px 40px; list-style: none; position: relative; font-size: 19px; color: #505050; line-height: 34px; outline-style: none !important; outline-width: initial !important;\">The newly appointed commissioner against terrorism and organized crime for the Guaid\u00f3 government, Carlos Paparoni, announced that on March 3rd he will present the evidence linking Maduro\u2019s dictatorship to terrorist groups at the Inter-American Treaty of Reciprocal Assistance (TIAR) summit. \u2013\u00a0<a style=\"color: #007bff; background-image: initial; background-position: initial; background-size: initial; background-repeat: initial; background-attachment: initial; background-origin: initial; background-clip: initial; margin: 0px; padding: 0px; border: 0px; vertical-align: baseline; transition: all 0.3s ease-out 0s; outline: none !important;\" href=\"https:\/\/presidenciave.com\/en\/presidency\/commissioner-paparoni-to-present-to-tiar-partners-evidence-linking-maduros-dictatorship-to-terrorism\/\">Rep\u00fablica Bolivariana de Venezuela Asemblea Nacional on 23-FEB<\/a><\/li><li style=\"margin-right: 0px; margin-bottom: 40px; margin-left: 0px; padding: 0px 0px 0px 40px; list-style: none; position: relative; font-size: 19px; color: #505050; line-height: 34px; outline-style: none !important; outline-width: initial !important;\">Members of the Lima Group\u2013 Canada, Argentina, and Peru\u2013 are in talks with Cuba to look for a solution in Venezuela \u2013\u00a0<a style=\"color: #007bff; background-image: initial; background-position: initial; background-size: initial; background-repeat: initial; background-attachment: initial; background-origin: initial; background-clip: initial; margin: 0px; padding: 0px; border: 0px; vertical-align: baseline; transition: all 0.3s ease-out 0s; outline: none !important;\" href=\"https:\/\/www.diariolasamericas.com\/america-latina\/canada-peru-y-argentina-hablan-regimen-cuba-buscar-solucion-venezuela-n4193475\">Diario Las Americas on 21-FEB (content in Spanish)<\/a><\/li><li style=\"margin-right: 0px; margin-bottom: 40px; margin-left: 0px; padding: 0px 0px 0px 40px; list-style: none; position: relative; font-size: 19px; color: #505050; line-height: 34px; outline-style: none !important; outline-width: initial !important;\">Trump administration officials are discussing whether to renew their unsuccessful campaign to oust Maduro by persuading some ruling party members to temporarily share power with opposition leaders, according to people familiar with the matter. \u2013\u00a0<a style=\"color: #007bff; background-image: initial; background-position: initial; background-size: initial; background-repeat: initial; background-attachment: initial; background-origin: initial; background-clip: initial; margin: 0px; padding: 0px; border: 0px; vertical-align: baseline; transition: all 0.3s ease-out 0s; outline: none !important;\" href=\"https:\/\/www.bloomberg.com\/news\/articles\/2020-02-19\/trump-officials-consider-power-sharing-plan-to-oust-maduro\">Bloomberg on 19-FEB<\/a><\/li><li style=\"margin-right: 0px; margin-bottom: 40px; margin-left: 0px; padding: 0px 0px 0px 40px; list-style: none; position: relative; font-size: 19px; color: #505050; line-height: 34px; outline-style: none !important; outline-width: initial !important;\">Nicol\u00e1s Maduro said he would create a presidential commission to restructure the country\u2019s beleaguered oil industry, which will be led by Vice President for the Economy Tareck El Aissami. \u2013\u00a0<a style=\"color: #007bff; background-image: initial; background-position: initial; background-size: initial; background-repeat: initial; background-attachment: initial; background-origin: initial; background-clip: initial; margin: 0px; padding: 0px; border: 0px; vertical-align: baseline; transition: all 0.3s ease-out 0s; outline: none !important;\" href=\"https:\/\/www.reuters.com\/article\/us-venezuela-oil\/venezuelas-maduro-taps-sanctioned-vp-to-restructure-oil-industry-idUSKBN20D2VY\">Reuters on 19-FEB<\/a><\/li><li style=\"margin-right: 0px; margin-bottom: 40px; margin-left: 0px; padding: 0px 0px 0px 40px; list-style: none; position: relative; font-size: 19px; color: #505050; line-height: 34px; outline-style: none !important; outline-width: initial !important;\">The long-awaited trial of the Citgo Six\u2013\u00a0oil executives, including five U.S. citizens, detained in Venezuela on corruption charges for more than two years\u2013\u00a0failed to open as scheduled, leaving fearful family members calling on the U.S. government to do more. \u2013\u00a0<a style=\"color: #007bff; background-image: initial; background-position: initial; background-size: initial; background-repeat: initial; background-attachment: initial; background-origin: initial; background-clip: initial; margin: 0px; padding: 0px; border: 0px; vertical-align: baseline; transition: all 0.3s ease-out 0s; outline: none !important;\" href=\"https:\/\/www.washingtonpost.com\/world\/the_americas\/trial-of-venezuelas-citgo-six-delayed-fearful-family-members-want-the-trump-administration-to-do-more\/2020\/02\/19\/8ac2f990-528f-11ea-80ce-37a8d4266c09_story.html\">Washington Post on 19-FEB<\/a><\/li><li style=\"margin-right: 0px; margin-bottom: 40px; margin-left: 0px; padding: 0px 0px 0px 40px; list-style: none; position: relative; font-size: 19px; color: #505050; line-height: 34px; outline-style: none !important; outline-width: initial !important;\">Venezuela conducted military and civilian exercises on February 15th and 16th for the first time since the civilian militia was incorporated into the official defense force. The two-day manoeuvres were aimed at fending off \u201cterrorist aggression\u201d from Washington and regional enemies seeking to undermine the Bolivarian revolution. \u2013\u00a0<a style=\"color: #007bff; background-image: initial; background-position: initial; background-size: initial; background-repeat: initial; background-attachment: initial; background-origin: initial; background-clip: initial; margin: 0px; padding: 0px; border: 0px; vertical-align: baseline; transition: all 0.3s ease-out 0s; outline: none !important;\" href=\"https:\/\/morningstaronline.co.uk\/article\/w\/venezuela-conducts-military-and-civilian-militia-exercises\">Morning Star on 16-FEB<\/a><\/li><li style=\"margin-right: 0px; margin-bottom: 40px; margin-left: 0px; padding: 0px 0px 0px 40px; list-style: none; position: relative; font-size: 19px; color: #505050; line-height: 34px; outline-style: none !important; outline-width: initial !important;\">Venezuela\u2019s state-run oil company PDVSA plans to discharge nearly 1 million barrels ($57 million) of crude stranded for over a year at sea over U.S. sanctions against the company and an ownership dispute with its refining unit, Citgo Petroleum, according to internal documents viewed by Reuters. \u2013\u00a0<a style=\"color: #007bff; background-image: initial; background-position: initial; background-size: initial; background-repeat: initial; background-attachment: initial; background-origin: initial; background-clip: initial; margin: 0px; padding: 0px; border: 0px; vertical-align: baseline; transition: all 0.3s ease-out 0s; outline: none !important;\" href=\"https:\/\/www.reuters.com\/article\/us-pdvsa-citgo-cargo-exclusive\/exclusive-venezuelas-pdvsa-to-unload-57-million-oil-cargo-disputed-by-rival-citgo-boards-idUSKBN2072V5?rpc=401&amp;\">Reuters on 13-FEB<\/a><\/li><li style=\"margin-right: 0px; margin-bottom: 40px; margin-left: 0px; padding: 0px 0px 0px 40px; list-style: none; position: relative; font-size: 19px; color: #505050; line-height: 34px; outline-style: none !important; outline-width: initial !important;\">Venezuela asked the prosecutor of the International Criminal Court to investigate U.S. officials for what it called crimes against humanity resulting from sanctions imposed by Washington, Foreign Minister Jorge Arreaza said. \u2013\u00a0<a style=\"color: #007bff; background-image: initial; background-position: initial; background-size: initial; background-repeat: initial; background-attachment: initial; background-origin: initial; background-clip: initial; margin: 0px; padding: 0px; border: 0px; vertical-align: baseline; transition: all 0.3s ease-out 0s; outline: none !important;\" href=\"https:\/\/www.nytimes.com\/reuters\/2020\/02\/13\/world\/americas\/13reuters-icct-venezuela-usa.html\">The New York Times on 13-FEB<\/a><\/li><li style=\"margin-right: 0px; margin-bottom: 40px; margin-left: 0px; padding: 0px 0px 0px 40px; list-style: none; position: relative; font-size: 19px; color: #505050; line-height: 34px; outline-style: none !important; outline-width: initial !important;\">Venezuela has designated its civilian militia as part of the country\u2019s military, according to the nation\u2019s official gazette, an administrative change that on paper at least will vastly expand the armed forces that have been crucial in keeping Maduro in power. \u2013\u00a0<a style=\"color: #007bff; background-image: initial; background-position: initial; background-size: initial; background-repeat: initial; background-attachment: initial; background-origin: initial; background-clip: initial; margin: 0px; padding: 0px; border: 0px; vertical-align: baseline; transition: all 0.3s ease-out 0s; outline: none !important;\" href=\"https:\/\/uk.reuters.com\/article\/uk-venezuela-military\/venezuela-makes-civilian-militia-part-of-armed-forces-idUKKBN205265?rpc=401&amp;\">Reuters on 11-FEB<\/a><\/li><li style=\"margin-right: 0px; margin-bottom: 40px; margin-left: 0px; padding: 0px 0px 0px 40px; list-style: none; position: relative; font-size: 19px; color: #505050; line-height: 34px; outline-style: none !important; outline-width: initial !important;\">Treasury pressures illegitimate Maduro regime by identifying blocked national airline, CONVIASA \u2013\u00a0<a style=\"color: #007bff; background-image: initial; background-position: initial; background-size: initial; background-repeat: initial; background-attachment: initial; background-origin: initial; background-clip: initial; margin: 0px; padding: 0px; border: 0px; vertical-align: baseline; transition: all 0.3s ease-out 0s; outline: none !important;\" href=\"https:\/\/home.treasury.gov\/news\/press-releases\/sm903\">U.S. Department of Treasury OFAC on 07-FEB<\/a><\/li><\/ul><p style=\"margin-right: 0px; margin-bottom: 50px; margin-left: 0px; padding: 0px; border: 0px; vertical-align: baseline; background: transparent; line-height: 34px; outline: none !important;\"><strong style=\"font-weight: bold; margin: 0px; padding: 0px; border: 0px; vertical-align: baseline; background: transparent; outline: none !important;\">THE BOLIVARIAN NETWORK<\/strong><\/p><ul style=\"margin-right: 0px; margin-left: 0px; padding: 0px; list-style: square; color: #000000; font-size: 12px; outline-style: none !important; outline-width: initial !important;\"><li style=\"margin-right: 0px; margin-bottom: 40px; margin-left: 0px; padding: 0px 0px 0px 40px; list-style: none; position: relative; font-size: 19px; color: #505050; line-height: 34px; outline-style: none !important; outline-width: initial !important;\">A resurgence of violence ripped across Chile, leading to hundreds of arrests, according to the interior ministry, and temporarily shutting down some public transportation in the capital Santiago. \u2013\u00a0<a style=\"color: #007bff; background-image: initial; background-position: initial; background-size: initial; background-repeat: initial; background-attachment: initial; background-origin: initial; background-clip: initial; margin: 0px; padding: 0px; border: 0px; vertical-align: baseline; transition: all 0.3s ease-out 0s; outline: none !important;\" href=\"https:\/\/www.reuters.com\/article\/us-chile-protests\/violence-resurges-in-protest-racked-chile-nearly-300-arrested-idUSKBN20Q1QD\">Reuters on 03-MAR<\/a><\/li><li style=\"margin-right: 0px; margin-bottom: 40px; margin-left: 0px; padding: 0px 0px 0px 40px; list-style: none; position: relative; font-size: 19px; color: #505050; line-height: 34px; outline-style: none !important; outline-width: initial !important;\">A right-of-center president took office in Uruguay, promising to crack down on crime and tighten government finances after a 15-year string of left-leaning governments. \u2013\u00a0<a style=\"color: #007bff; background-image: initial; background-position: initial; background-size: initial; background-repeat: initial; background-attachment: initial; background-origin: initial; background-clip: initial; margin: 0px; padding: 0px; border: 0px; vertical-align: baseline; transition: all 0.3s ease-out 0s; outline: none !important;\" href=\"https:\/\/apnews.com\/1f0128e869af445dbcfc8b9ce5761e54?utm_source=Today+in+Latin+America&amp;utm_campaign=437157e00f-EMAIL_CAMPAIGN_2020_03_02_02_04&amp;utm_medium=email&amp;utm_term=0_73d76ad46b-437157e00f-101968427\">Associated Press on 01-MAR<\/a><\/li><li style=\"margin-right: 0px; margin-bottom: 40px; margin-left: 0px; padding: 0px 0px 0px 40px; list-style: none; position: relative; font-size: 19px; color: #505050; line-height: 34px; outline-style: none !important; outline-width: initial !important;\">President Sebastian Pinera called on Chileans to help the country \u201clive in peace\u201d ahead of an anticipated fresh outbreak of protests in March. \u2013\u00a0<a style=\"color: #007bff; background-image: initial; background-position: initial; background-size: initial; background-repeat: initial; background-attachment: initial; background-origin: initial; background-clip: initial; margin: 0px; padding: 0px; border: 0px; vertical-align: baseline; transition: all 0.3s ease-out 0s; outline: none !important;\" href=\"https:\/\/www.reuters.com\/article\/us-chile-protests\/chile-braces-for-march-protests-as-pinera-appeals-for-peace-idUSKCN20I1NH?feedType=RSS&amp;feedName=worldNews&amp;utm_source=feedburner&amp;utm_medium=feed&amp;utm_campaign=Feed%3A+Reuters%2FworldNews+%28Reuters+World+News%29&amp;&amp;rpc=401\">Reuters on 24-FEB<\/a><\/li><li style=\"margin-right: 0px; margin-bottom: 40px; margin-left: 0px; padding: 0px 0px 0px 40px; list-style: none; position: relative; font-size: 19px; color: #505050; line-height: 34px; outline-style: none !important; outline-width: initial !important;\">Violent clashes erupted in the Haitian capital, with two Reuters witnesses observing shots being fired until late at night, as police stepped up their protest over pay and conditions. \u2013\u00a0<a style=\"color: #007bff; background-image: initial; background-position: initial; background-size: initial; background-repeat: initial; background-attachment: initial; background-origin: initial; background-clip: initial; margin: 0px; padding: 0px; border: 0px; vertical-align: baseline; transition: all 0.3s ease-out 0s; outline: none !important;\" href=\"https:\/\/www.reuters.com\/article\/us-haiti-protest\/gunfire-rocks-haitian-capital-in-carnival-police-protest-idUSKCN20H0S9\">Reuters on 23-FEB<\/a><\/li><li style=\"margin-right: 0px; margin-bottom: 40px; margin-left: 0px; padding: 0px 0px 0px 40px; list-style: none; position: relative; font-size: 19px; color: #505050; line-height: 34px; outline-style: none !important; outline-width: initial !important;\">Hundreds of Dominicans took to the streets in\u00a0protest\u00a0after the abrupt suspension of municipal elections that unleashed a political crisis months before the Caribbean island votes for a new president. \u2013\u00a0<a style=\"color: #007bff; background-image: initial; background-position: initial; background-size: initial; background-repeat: initial; background-attachment: initial; background-origin: initial; background-clip: initial; margin: 0px; padding: 0px; border: 0px; vertical-align: baseline; transition: all 0.3s ease-out 0s; outline: none !important;\" href=\"https:\/\/www.reuters.com\/article\/us-dominicanrepublic-protests\/dominicans-take-to-the-streets-in-protest-after-election-suspension-idUSKCN20H04S?rpc=401&amp;\">Reuters on 22-FEB<\/a><\/li><li style=\"margin-right: 0px; margin-bottom: 40px; margin-left: 0px; padding: 0px 0px 0px 40px; list-style: none; position: relative; font-size: 19px; color: #505050; line-height: 34px; outline-style: none !important; outline-width: initial !important;\">For more than a year, Nicaraguan President Daniel Ortega held up roughly half a million dollars of newsprint and ink in customs, an action widely viewed as retaliation for La Prensa\u2019s coverage of anti-government protests that erupted in 2018 and were brutally repressed by police. \u2013\u00a0<a style=\"color: #007bff; background-image: initial; background-position: initial; background-size: initial; background-repeat: initial; background-attachment: initial; background-origin: initial; background-clip: initial; margin: 0px; padding: 0px; border: 0px; vertical-align: baseline; transition: all 0.3s ease-out 0s; outline: none !important;\" href=\"https:\/\/www.latimes.com\/world-nation\/story\/2020-02-21\/nicaragua-newspaper-president-ortega-la-prensa\">Los Angeles Times on 21-FEB<\/a><\/li><li style=\"margin-right: 0px; margin-bottom: 40px; margin-left: 0px; padding: 0px 0px 0px 40px; list-style: none; position: relative; font-size: 19px; color: #505050; line-height: 34px; outline-style: none !important; outline-width: initial !important;\">Bolivia\u2019s Supreme Electoral Tribunal rejected the candidacy of former President Evo Morales for a Senate seat in May\u2019s elections because he does not reside in the country, a decision the ousted leader called a \u201cblow to democracy.\u201d \u2013\u00a0<a style=\"color: #007bff; background-image: initial; background-position: initial; background-size: initial; background-repeat: initial; background-attachment: initial; background-origin: initial; background-clip: initial; margin: 0px; padding: 0px; border: 0px; vertical-align: baseline; transition: all 0.3s ease-out 0s; outline: none !important;\" href=\"https:\/\/www.washingtontimes.com\/news\/2020\/feb\/20\/bolivia-bars-ex-president-morales-from-running-for\/\">Washington Times on 20-FEB<\/a><\/li><li style=\"margin-right: 0px; margin-bottom: 40px; margin-left: 0px; padding: 0px 0px 0px 40px; list-style: none; position: relative; font-size: 19px; color: #505050; line-height: 34px; outline-style: none !important; outline-width: initial !important;\">Bolivia\u2019s public prosecutor has opened an investigation into \u201celectoral fraud\u201d against former President Evo Morales and some of his closest allies, the attorney general said. \u2013\u00a0<a style=\"color: #007bff; background-image: initial; background-position: initial; background-size: initial; background-repeat: initial; background-attachment: initial; background-origin: initial; background-clip: initial; margin: 0px; padding: 0px; border: 0px; vertical-align: baseline; transition: all 0.3s ease-out 0s; outline: none !important;\" href=\"https:\/\/www.voanews.com\/americas\/bolivia-prosecutor-opens-electoral-fraud-case-against-morales\">Voice of America on 20-FEB<\/a><\/li><li style=\"margin-right: 0px; margin-bottom: 40px; margin-left: 0px; padding: 0px 0px 0px 40px; list-style: none; position: relative; font-size: 19px; color: #505050; line-height: 34px; outline-style: none !important; outline-width: initial !important;\">In Nicaragua, the Contra and the National Coalition join together to defy Daniel Ortega. \u2013\u00a0<a style=\"color: #007bff; background-image: initial; background-position: initial; background-size: initial; background-repeat: initial; background-attachment: initial; background-origin: initial; background-clip: initial; margin: 0px; padding: 0px; border: 0px; vertical-align: baseline; transition: all 0.3s ease-out 0s; outline: none !important;\" href=\"https:\/\/www.dw.com\/es\/nicaragua-la-contra-se-une-a-la-coalici%C3%B3n-nacional-para-desafiar-a-ortega\/a-52402355\">DW on 17-FEB<\/a><\/li><li style=\"margin-right: 0px; margin-bottom: 40px; margin-left: 0px; padding: 0px 0px 0px 40px; list-style: none; position: relative; font-size: 19px; color: #505050; line-height: 34px; outline-style: none !important; outline-width: initial !important;\">About 6,000 people demonstrated in front of Congress in Buenos Aires, shouting \u201cIMF get out!\u201d as negotiations over debt restructuring begins. \u2013\u00a0<a style=\"color: #007bff; background-image: initial; background-position: initial; background-size: initial; background-repeat: initial; background-attachment: initial; background-origin: initial; background-clip: initial; margin: 0px; padding: 0px; border: 0px; vertical-align: baseline; transition: all 0.3s ease-out 0s; outline: none !important;\" href=\"https:\/\/www.batimes.com.ar\/news\/economy\/debt-talks-with-imf-begin-in-buenos-aires.phtml\">Buenos Aires Times on 13-FEB<\/a><\/li><li style=\"margin-right: 0px; margin-bottom: 40px; margin-left: 0px; padding: 0px 0px 0px 40px; list-style: none; position: relative; font-size: 19px; color: #505050; line-height: 34px; outline-style: none !important; outline-width: initial !important;\">State media reports Ecuador\u2019s National Court of Justice suspended the trial hearing against former President Rafael Correa, former Vice President Jorge Glas and 19 other people involved in the Bribes Case. \u2013\u00a0<a style=\"color: #007bff; background-image: initial; background-position: initial; background-size: initial; background-repeat: initial; background-attachment: initial; background-origin: initial; background-clip: initial; margin: 0px; padding: 0px; border: 0px; vertical-align: baseline; transition: all 0.3s ease-out 0s; outline: none !important;\" href=\"https:\/\/www.plenglish.com\/index.php?o=rn&amp;id=52190&amp;SEO=ecuadorian-court-suspends-bribery-trial-against-correa\">Prensa Latina on 13-FEB<\/a><\/li><li style=\"margin-right: 0px; margin-bottom: 40px; margin-left: 0px; padding: 0px 0px 0px 40px; list-style: none; position: relative; font-size: 19px; color: #505050; line-height: 34px; outline-style: none !important; outline-width: initial !important;\">President Donald Trump met with the President of the Republic of Ecuador, Len\u00edn Moreno, signaling the historic turn in bilateral ties between the two countries. The two leaders discussed Ecuador\u2019s leadership role in advancing security, prosperity, and democracy in the Western Hemisphere. \u2013\u00a0<a style=\"color: #007bff; background-image: initial; background-position: initial; background-size: initial; background-repeat: initial; background-attachment: initial; background-origin: initial; background-clip: initial; margin: 0px; padding: 0px; border: 0px; vertical-align: baseline; transition: all 0.3s ease-out 0s; outline: none !important;\" href=\"https:\/\/www.whitehouse.gov\/briefings-statements\/joint-statement-president-united-states-president-republic-ecuador\/\">The White House on 12-FEB<\/a><\/li><li style=\"margin-right: 0px; margin-bottom: 40px; margin-left: 0px; padding: 0px 0px 0px 40px; list-style: none; position: relative; font-size: 19px; color: #505050; line-height: 34px; outline-style: none !important; outline-width: initial !important;\">On\u00a0February 9th, Salvadoran\u00a0President Nayib Bukele led scores of heavily armed troops and police into a meeting of the Legislative Assembly. He acted after legislators balked at his demand for immediate approval of a $109 million loan to buy more supplies for the counter-gang campaign. \u2013\u00a0<a style=\"color: #007bff; background-image: initial; background-position: initial; background-size: initial; background-repeat: initial; background-attachment: initial; background-origin: initial; background-clip: initial; margin: 0px; padding: 0px; border: 0px; vertical-align: baseline; transition: all 0.3s ease-out 0s; outline: none !important;\" href=\"https:\/\/www.washingtonpost.com\/opinions\/global-opinions\/the-salvadoran-president-alarmingly-violates-democratic-norms\/2020\/02\/12\/dffbe720-4d01-11ea-bf44-f5043eb3918a_story.html\">The Washington Post on 12-FEB<\/a><\/li><\/ul><\/div><\/div><\/div><\/div><\/div><\/div><\/div><\/div><\/div><\/div><\/div><\/div>\t\t\t\t\t\t\t\t<\/div>\n\t\t\t\t<\/div>\n\t\t\t\t<div class=\"elementor-element elementor-element-a190c53 elementor-widget elementor-widget-image\" data-id=\"a190c53\" data-element_type=\"widget\" data-widget_type=\"image.default\">\n\t\t\t\t<div class=\"elementor-widget-container\">\n\t\t\t\t\t\t\t\t\t\t\t\t\t\t\t<img decoding=\"async\" width=\"800\" height=\"334\" src=\"https:\/\/vric.securefreesociety.org\/wp-content\/uploads\/2021\/09\/russiacovermonitor-1536x640-1-1024x427.webp\" class=\"attachment-large size-large wp-image-3853\" alt=\"\" srcset=\"https:\/\/vric.securefreesociety.org\/wp-content\/uploads\/2021\/09\/russiacovermonitor-1536x640-1-1024x427.webp 1024w, https:\/\/vric.securefreesociety.org\/wp-content\/uploads\/2021\/09\/russiacovermonitor-1536x640-1-300x125.webp 300w, https:\/\/vric.securefreesociety.org\/wp-content\/uploads\/2021\/09\/russiacovermonitor-1536x640-1-768x320.webp 768w, https:\/\/vric.securefreesociety.org\/wp-content\/uploads\/2021\/09\/russiacovermonitor-1536x640-1.webp 1536w\" sizes=\"(max-width: 800px) 100vw, 800px\" \/>\t\t\t\t\t\t\t\t\t\t\t\t\t\t\t<\/div>\n\t\t\t\t<\/div>\n\t\t\t\t<div class=\"elementor-element elementor-element-e23d85f elementor-widget__width-initial elementor-widget elementor-widget-text-editor\" data-id=\"e23d85f\" data-element_type=\"widget\" data-widget_type=\"text-editor.default\">\n\t\t\t\t<div class=\"elementor-widget-container\">\n\t\t\t\t\t\t\t\t\t<div><div><div><div><div><div><div><div><div style=\"margin: 0px 0px 35px; padding: 0px; border: 0px; vertical-align: baseline; background: transparent; color: #000000; font-size: 12px; outline: none !important;\"><div style=\"margin: 0px; padding: 0px; border: 0px; vertical-align: baseline; background: transparent; outline: none !important;\"><p style=\"margin-right: 0px; margin-bottom: 50px; margin-left: 0px; padding: 0px; border: 0px; vertical-align: baseline; background: transparent; font-size: 19px; color: #505050; line-height: 34px; outline: none !important;\">March is marked by a U.S. effort to counter Russia\u2019s influence in Venezuela by sanctioning subsidiaries of the Moscow-based oil giant Rosneft, which controls upwards of 70-80% of Venezuelan oil exports. Quick counter-measures made by Moscow and Caracas helped skirt U.S. sanctions by shifting its oil business to another subsidiary TNK Trading International S.A., which has loaded three times more barrels of Venezuelan crude in the first two months of 2020 than in all of 2019, according to shipping reports compiled by Bloomberg.<\/p><p>\u00a0<\/p><p style=\"margin-right: 0px; margin-bottom: 50px; margin-left: 0px; padding: 0px; border: 0px; vertical-align: baseline; background: transparent; font-size: 19px; color: #505050; line-height: 34px; outline: none !important;\">The threat of U.S. sanctions also applies to other regional Maduro allies working with Russia, namely Mexico. The recent visit and remarks by Russian Foreign Minister Sergei Lavrov to Mexico furthered concerns that President L\u00f3pez Obrador could be considering purchasing helicopters from Rosoboronexport, the state-owned Russian agency responsible for exporting defense products. The statement from Lavrov prompted Trump administration officials to suggest that such a purchase could trigger sanctions against Mexico through the Countering America\u2019s Adversaries through Sanctions Act (CAASA), passed in 2017.\u00a0<\/p><p>\u00a0<\/p><p style=\"margin-right: 0px; margin-bottom: 50px; margin-left: 0px; padding: 0px; border: 0px; vertical-align: baseline; background: transparent; font-size: 19px; color: #505050; line-height: 34px; outline: none !important;\">As Mexico may acquire military equipment from Russia, a recent arrest of a Oaxacan man charged as a Russian agent spying against U.S. officials, highlights the Kremlin\u2019s efforts to use Mexico to enhance its espionage and intelligence activities against the United States.\u00a0<\/p><p>\u00a0<\/p><ul style=\"margin-right: 0px; margin-left: 0px; padding: 0px; list-style: square; font-size: 12px; outline-style: none !important; outline-width: initial !important;\"><li style=\"margin-right: 0px; margin-bottom: 40px; margin-left: 0px; padding: 0px 0px 0px 40px; list-style: none; position: relative; font-size: 19px; color: #505050; line-height: 34px; outline-style: none !important; outline-width: initial !important;\">The Russian Embassy in Peru posted on Facebook for the commemoration of the 102nd founding of the Red Army in the Soviet Union. \u2013\u00a0<a style=\"color: #007bff; background-image: initial; background-position: initial; background-size: initial; background-repeat: initial; background-attachment: initial; background-origin: initial; background-clip: initial; margin: 0px; padding: 0px; border: 0px; vertical-align: baseline; transition: all 0.3s ease-out 0s; outline: none !important;\" href=\"https:\/\/www.facebook.com\/permalink.php?id=174801626055967&amp;story_fbid=1296743260528459\">Russian Embassy in Peru, Facebook on 23-FEB<\/a><\/li><li style=\"margin-right: 0px; margin-bottom: 40px; margin-left: 0px; padding: 0px 0px 0px 40px; list-style: none; position: relative; font-size: 19px; color: #505050; line-height: 34px; outline-style: none !important; outline-width: initial !important;\">State media reports Cuba commemorated the 102nd founding of the Red Army in the Soviet Union on February 23rd. The political and military ceremony was chaired by Army Corps General \u00c1lvaro L\u00f3pez Miera. There were also high-ranking representatives from the embassies of Russia, Belarus, Kazakhstan and Azerbaijan. \u2013\u00a0<a style=\"color: #007bff; background-image: initial; background-position: initial; background-size: initial; background-repeat: initial; background-attachment: initial; background-origin: initial; background-clip: initial; margin: 0px; padding: 0px; border: 0px; vertical-align: baseline; transition: all 0.3s ease-out 0s; outline: none !important;\" href=\"https:\/\/www.plenglish.com\/index.php?o=rn&amp;id=52559&amp;SEO=cuba-commemorates-the-102nd-anniversary-of-the-founding-of-the-red\">Prensa Latina on 23-FEB<\/a><\/li><li style=\"margin-right: 0px; margin-bottom: 40px; margin-left: 0px; padding: 0px 0px 0px 40px; list-style: none; position: relative; font-size: 19px; color: #505050; line-height: 34px; outline-style: none !important; outline-width: initial !important;\">The U.S. government announced new sanctions on Rosneft Trading S.A., the trading subsidiary of the Russian energy conglomerate, along with Chairman Didier Casimiro, in a major blow to Maduro\u2019s regime. Rosneft Trading handled about half of Venezuela\u2019s 875,000 barrels a day of crude oil exports in January. \u2013\u00a0<a style=\"color: #007bff; background-image: initial; background-position: initial; background-size: initial; background-repeat: initial; background-attachment: initial; background-origin: initial; background-clip: initial; margin: 0px; padding: 0px; border: 0px; vertical-align: baseline; transition: all 0.3s ease-out 0s; outline: none !important;\" href=\"https:\/\/www.newsmax.com\/elilake\/maduro-rosneft-abrams\/2020\/02\/20\/id\/954883\/\">Newsmax on 20-FEB<\/a><\/li><li style=\"margin-right: 0px; margin-bottom: 40px; margin-left: 0px; padding: 0px 0px 0px 40px; list-style: none; position: relative; font-size: 19px; color: #505050; line-height: 34px; outline-style: none !important; outline-width: initial !important;\">Hector Alejandro Cabrera Fuentes, a Mexican citizen residing in Singapore, was arrested based on a Complaint charging him with acting within the United States on behalf of a foreign government (Russia), without notifying the Attorney General, and conspiracy to do the same. \u2013\u00a0<a style=\"color: #007bff; background-image: initial; background-position: initial; background-size: initial; background-repeat: initial; background-attachment: initial; background-origin: initial; background-clip: initial; margin: 0px; padding: 0px; border: 0px; vertical-align: baseline; transition: all 0.3s ease-out 0s; outline: none !important;\" href=\"https:\/\/www.justice.gov\/opa\/pr\/individual-arrested-acting-within-us-behalf-russian-government-without-notifying-attorney\">U.S. Department of Justice on 18-FEB<\/a><\/li><li style=\"margin-right: 0px; margin-bottom: 40px; margin-left: 0px; padding: 0px 0px 0px 40px; list-style: none; position: relative; font-size: 19px; color: #505050; line-height: 34px; outline-style: none !important; outline-width: initial !important;\">The U.S. has warned numerous countries that they could be sanctioned if they buy military hardware from Russia. That includes Mexico, a U.S. State Department official told lawmakers this month, though Mexican officials have denied reports their country is negotiating with Russia to buy helicopters. \u2013\u00a0<a style=\"color: #007bff; background-image: initial; background-position: initial; background-size: initial; background-repeat: initial; background-attachment: initial; background-origin: initial; background-clip: initial; margin: 0px; padding: 0px; border: 0px; vertical-align: baseline; transition: all 0.3s ease-out 0s; outline: none !important;\" href=\"https:\/\/www.businessinsider.com\/us-could-sanction-mexico-if-it-buys-russian-helicopters-2020-2\">Business Insider on 17-FEB<\/a><\/li><li style=\"margin-right: 0px; margin-bottom: 40px; margin-left: 0px; padding: 0px 0px 0px 40px; list-style: none; position: relative; font-size: 19px; color: #505050; line-height: 34px; outline-style: none !important; outline-width: initial !important;\">State media reports Russian authorities hope Argentine President Alberto Fernandez or Vice President Cristina Kirchner will visit Russia this year, Russia\u2019s Ambassador to Buenos Aires Dmitry Feoktistov told reporters. \u2013\u00a0<a style=\"color: #007bff; background-image: initial; background-position: initial; background-size: initial; background-repeat: initial; background-attachment: initial; background-origin: initial; background-clip: initial; margin: 0px; padding: 0px; border: 0px; vertical-align: baseline; transition: all 0.3s ease-out 0s; outline: none !important;\" href=\"https:\/\/tass.com\/politics\/1120033\">TASS on 14-FEB<\/a><\/li><li style=\"margin-right: 0px; margin-bottom: 40px; margin-left: 0px; padding: 0px 0px 0px 40px; list-style: none; position: relative; font-size: 19px; color: #505050; line-height: 34px; outline-style: none !important; outline-width: initial !important;\">State media reports Moscow is ready to study Havana\u2019s possible offers on further strengthening the Cuban defense potential, Russian Ambassador to Cuba Andrey Guskov said. \u2013\u00a0<a style=\"color: #007bff; background-image: initial; background-position: initial; background-size: initial; background-repeat: initial; background-attachment: initial; background-origin: initial; background-clip: initial; margin: 0px; padding: 0px; border: 0px; vertical-align: baseline; transition: all 0.3s ease-out 0s; outline: none !important;\" href=\"https:\/\/sputniknews.com\/latam\/202002131078302138-russia-ready-to-study-havanas-offers-on-strengthening-cubas-defence-capacity--ambassador\/\">Sputnik on 13-FEB<\/a><\/li><\/ul><\/div><\/div><\/div><\/div><\/div><\/div><\/div><\/div><\/div><\/div>\t\t\t\t\t\t\t\t<\/div>\n\t\t\t\t<\/div>\n\t\t\t\t<div class=\"elementor-element elementor-element-186984a elementor-widget__width-initial elementor-widget elementor-widget-image\" data-id=\"186984a\" data-element_type=\"widget\" data-widget_type=\"image.default\">\n\t\t\t\t<div class=\"elementor-widget-container\">\n\t\t\t\t\t\t\t\t\t\t\t\t\t\t\t<img loading=\"lazy\" decoding=\"async\" width=\"1536\" height=\"640\" src=\"https:\/\/vric.securefreesociety.org\/wp-content\/uploads\/2021\/09\/irancoverfinal-1-1536x640-1.webp\" class=\"attachment-full size-full wp-image-3856\" alt=\"\" srcset=\"https:\/\/vric.securefreesociety.org\/wp-content\/uploads\/2021\/09\/irancoverfinal-1-1536x640-1.webp 1536w, https:\/\/vric.securefreesociety.org\/wp-content\/uploads\/2021\/09\/irancoverfinal-1-1536x640-1-300x125.webp 300w, https:\/\/vric.securefreesociety.org\/wp-content\/uploads\/2021\/09\/irancoverfinal-1-1536x640-1-1024x427.webp 1024w, https:\/\/vric.securefreesociety.org\/wp-content\/uploads\/2021\/09\/irancoverfinal-1-1536x640-1-768x320.webp 768w\" sizes=\"(max-width: 1536px) 100vw, 1536px\" \/>\t\t\t\t\t\t\t\t\t\t\t\t\t\t\t<\/div>\n\t\t\t\t<\/div>\n\t\t\t\t<div class=\"elementor-element elementor-element-a19423a elementor-widget__width-initial elementor-widget elementor-widget-text-editor\" data-id=\"a19423a\" data-element_type=\"widget\" data-widget_type=\"text-editor.default\">\n\t\t\t\t<div class=\"elementor-widget-container\">\n\t\t\t\t\t\t\t\t\t<div><div><div><div><div><div><div><div><div><div><div style=\"margin: 0px 0px 35px; padding: 0px; border: 0px; vertical-align: baseline; background: transparent; outline: none !important;\"><div style=\"margin: 0px; padding: 0px; border: 0px; vertical-align: baseline; background: transparent; outline: none !important;\"><p style=\"margin-right: 0px; margin-bottom: 50px; margin-left: 0px; padding: 0px; border: 0px; vertical-align: baseline; background: transparent; line-height: 34px; outline: none !important;\">As the U.S. increases its maximum pressure campaign against Iran and Venezuela, the two countries increasingly rely on one another for sanctions evasion and other schemes. On February 7th, U.S. Treasury\u2019s OFAC sanctioned Venezuela\u2019s state-owned airline CONVIASA and identified several aircraft added to its Specially Designated Nationals (SDN) list.<\/p><p>\u00a0<\/p><p style=\"margin-right: 0px; margin-bottom: 50px; margin-left: 0px; padding: 0px; border: 0px; vertical-align: baseline; background: transparent; line-height: 34px; outline: none !important;\">A week later, one of these CONVIASA aircraft, an Airbus 340 with tail number YV1004, was spotted in Montevideo before taking off to Panama City and Managua, before returning back to Caracas. This specific aircraft is known as \u201cAero-Terror\u201d for its critical role in years past (2007-2012) allegedly shuttling narcotics, weapons, and suspected terrorists in a bi-weekly flight between Caracas-Damascus-Tehran. Despite that CONVIASA is Venezuela\u2019s national airline, the recent YV1004 flight was staffed by Iranian pilots from Mahan Air who appear to have a military background.<\/p><p style=\"margin-right: 0px; margin-bottom: 50px; margin-left: 0px; padding: 0px; border: 0px; vertical-align: baseline; background: transparent; line-height: 34px; outline: none !important;\">\u00a0<\/p><p style=\"margin-right: 0px; margin-bottom: 50px; margin-left: 0px; padding: 0px; border: 0px; vertical-align: baseline; background: transparent; line-height: 34px; outline: none !important;\">The apparent reactivation of \u201cAero-Terror\u201d signals Iran may be ramping up its regional operations, despite U.S. sanctions. The CONVIASA flight to Uruguay took place just weeks before the inauguration of new President Luis La Calle Pou, and days after the 41st anniversary of the 1979 Iranian revolution.<\/p><p>\u00a0<\/p><ul style=\"margin-right: 0px; margin-left: 0px; padding: 0px; list-style: square; color: #000000; font-size: 12px; outline-style: none !important; outline-width: initial !important;\"><li style=\"margin-right: 0px; margin-bottom: 40px; margin-left: 0px; padding: 0px 0px 0px 40px; list-style: none; position: relative; font-size: 19px; color: #505050; line-height: 34px; outline-style: none !important; outline-width: initial !important;\">A leading Jewish group has filed a lawsuit against the Canadian government for failing to enforce a House of Commons motion to list Iran\u2019s Islamic Revolutionary Guards Corps (IRGC) as a terrorist organization. \u2013\u00a0<a style=\"color: #007bff; background-image: initial; background-position: initial; background-size: initial; background-repeat: initial; background-attachment: initial; background-origin: initial; background-clip: initial; margin: 0px; padding: 0px; border: 0px; vertical-align: baseline; transition: all 0.3s ease-out 0s; outline: none !important;\" href=\"https:\/\/www.algemeiner.com\/2020\/02\/23\/leading-canadian-jewish-group-files-lawsuit-against-government-for-failing-to-list-irans-revolutionary-guards-as-terrorist-group\/\">Algemeiner on 23-FEB<\/a><\/li><li style=\"margin-right: 0px; margin-bottom: 40px; margin-left: 0px; padding: 0px 0px 0px 40px; list-style: none; position: relative; font-size: 19px; color: #505050; line-height: 34px; outline-style: none !important; outline-width: initial !important;\">The Conviasa airbus known as the \u201cAero Terror,\u201d which offered transportation support to terrorists and had been dormant for a year, was recently seen in Uruguay. \u2013\u00a0<a style=\"color: #007bff; background-image: initial; background-position: initial; background-size: initial; background-repeat: initial; background-attachment: initial; background-origin: initial; background-clip: initial; margin: 0px; padding: 0px; border: 0px; vertical-align: baseline; transition: all 0.3s ease-out 0s; outline: none !important;\" href=\"https:\/\/twitter.com\/lcoutinho\/status\/1229055561817300993?s=12\">Leonardo Coutinho, Twitter on 16-FEB (content in Portuguese)<\/a><\/li><li style=\"margin-right: 0px; margin-bottom: 40px; margin-left: 0px; padding: 0px 0px 0px 40px; list-style: none; position: relative; font-size: 19px; color: #505050; line-height: 34px; outline-style: none !important; outline-width: initial !important;\">State media reports the Head of the Food and Drug Administration of Iran says the country is bartering medicine produced in the country with food imported from South America. \u2013\u00a0<a style=\"color: #007bff; background-image: initial; background-position: initial; background-size: initial; background-repeat: initial; background-attachment: initial; background-origin: initial; background-clip: initial; margin: 0px; padding: 0px; border: 0px; vertical-align: baseline; transition: all 0.3s ease-out 0s; outline: none !important;\" href=\"http:\/\/www.iran-daily.com\/News\/265564.html\">Iran Daily on 12-FEB<\/a><\/li><li style=\"margin-right: 0px; margin-bottom: 40px; margin-left: 0px; padding: 0px 0px 0px 40px; list-style: none; position: relative; font-size: 19px; color: #505050; line-height: 34px; outline-style: none !important; outline-width: initial !important;\">Venezuelan state media reports Iran\u2019s revenge for the assassination of Major General Qassem Soleimani remains to be seen and will be accompanied by the final U.S. expulsion from the region, high representatives of the Islamic Revolutionary Guard Corps\u2019 (IRGC) Quds Force said. \u2013\u00a0<a style=\"color: #007bff; background-image: initial; background-position: initial; background-size: initial; background-repeat: initial; background-attachment: initial; background-origin: initial; background-clip: initial; margin: 0px; padding: 0px; border: 0px; vertical-align: baseline; transition: all 0.3s ease-out 0s; outline: none !important;\" href=\"https:\/\/www.telesurenglish.net\/news\/iran-the-answer-to-soleimanis-murder-is-yet-to-come-20200212-0018.html\">TeleSUR 12-FEB<\/a><\/li><li style=\"margin-right: 0px; margin-bottom: 40px; margin-left: 0px; padding: 0px 0px 0px 40px; list-style: none; position: relative; font-size: 19px; color: #505050; line-height: 34px; outline-style: none !important; outline-width: initial !important;\">State media reports\u00a0Vice President of Nicaragua Rosario Murillo and\u00a0Nicol\u00e1s Maduro congratulated Iran on the 41st anniversary of the Islamic Revolution victory. \u2013\u00a0<a style=\"color: #007bff; background-image: initial; background-position: initial; background-size: initial; background-repeat: initial; background-attachment: initial; background-origin: initial; background-clip: initial; margin: 0px; padding: 0px; border: 0px; vertical-align: baseline; transition: all 0.3s ease-out 0s; outline: none !important;\" href=\"https:\/\/en.irna.ir\/news\/83672524\/Nicaragua-congratulates-Iran-Islamic-Revolution-anniv\">IRNA on 12-FEB<\/a><\/li><li style=\"margin-right: 0px; margin-bottom: 40px; margin-left: 0px; padding: 0px 0px 0px 40px; list-style: none; position: relative; font-size: 19px; color: #505050; line-height: 34px; outline-style: none !important; outline-width: initial !important;\">Two Iranian citizens were arrested in Ecuador after trying to enter the country using fake Israeli passports. \u2013\u00a0<a style=\"color: #007bff; background-image: initial; background-position: initial; background-size: initial; background-repeat: initial; background-attachment: initial; background-origin: initial; background-clip: initial; margin: 0px; padding: 0px; border: 0px; vertical-align: baseline; transition: all 0.3s ease-out 0s; outline: none !important;\" href=\"https:\/\/twitter.com\/ConflictsW\/status\/1226864744751128576?s=08\">CNW Twitter on 10-FEB<\/a><\/li><li style=\"margin-right: 0px; margin-bottom: 40px; margin-left: 0px; padding: 0px 0px 0px 40px; list-style: none; position: relative; font-size: 19px; color: #505050; line-height: 34px; outline-style: none !important; outline-width: initial !important;\">Recently sanctioned aircraft added to OFAC\u2019s Specially Designated Nationals list. \u2013\u00a0<a style=\"color: #007bff; background-image: initial; background-position: initial; background-size: initial; background-repeat: initial; background-attachment: initial; background-origin: initial; background-clip: initial; margin: 0px; padding: 0px; border: 0px; vertical-align: baseline; transition: all 0.3s ease-out 0s; outline: none !important;\" href=\"https:\/\/www.treasury.gov\/resource-center\/sanctions\/OFAC-Enforcement\/Pages\/20200207.aspx\">U.S. Treasury Department on 07-FEB<\/a><\/li><\/ul><p style=\"margin-right: 0px; margin-bottom: 50px; margin-left: 0px; padding: 0px; border: 0px; vertical-align: baseline; background: transparent; line-height: 34px; outline: none !important;\"><strong style=\"font-weight: bold; margin: 0px; padding: 0px; border: 0px; vertical-align: baseline; background: transparent; outline: none !important;\">NISMAN &amp; AMIA CASE\u00a0<\/strong><\/p><ul style=\"margin-right: 0px; margin-left: 0px; padding: 0px; list-style: square; color: #000000; font-size: 12px; outline-style: none !important; outline-width: initial !important;\"><li style=\"margin-right: 0px; margin-bottom: 40px; margin-left: 0px; padding: 0px 0px 0px 40px; list-style: none; position: relative; font-size: 19px; color: #505050; line-height: 34px; outline-style: none !important; outline-width: initial !important;\">The AMIA and DAIA will evaluate dismissing their accusation against Cristina Kirchner for the cover-up of the 1994 attack in Buenos Aires, while discussing ways to have a better link with the administration. \u2013\u00a0<a style=\"color: #007bff; background-image: initial; background-position: initial; background-size: initial; background-repeat: initial; background-attachment: initial; background-origin: initial; background-clip: initial; margin: 0px; padding: 0px; border: 0px; vertical-align: baseline; transition: all 0.3s ease-out 0s; outline: none !important;\" href=\"https:\/\/www.lanacion.com.ar\/politica\/la-comunidad-judia-evalua-retirar-acusacion-cristina-nid2341366\">La Nacion on 09-MAR (content in Spanish)<\/a><\/li><li style=\"margin-right: 0px; margin-bottom: 40px; margin-left: 0px; padding: 0px 0px 0px 40px; list-style: none; position: relative; font-size: 19px; color: #505050; line-height: 34px; outline-style: none !important; outline-width: initial !important;\">Argentine President Alberto Fern\u00e1ndez announced that he will order the declassification of all intelligence information related to the 1994 attack on the AMIA. \u2013\u00a0<a style=\"color: #007bff; background-image: initial; background-position: initial; background-size: initial; background-repeat: initial; background-attachment: initial; background-origin: initial; background-clip: initial; margin: 0px; padding: 0px; border: 0px; vertical-align: baseline; transition: all 0.3s ease-out 0s; outline: none !important;\" href=\"http:\/\/www.aurora-israel.co.il\/fernandez-desclasificara-los-archivos-de-inteligencia-sobre-el-atentado-a-la-amia\">Aurora on 03-MAR (content in Spanish)<\/a><\/li><li style=\"margin-right: 0px; margin-bottom: 40px; margin-left: 0px; padding: 0px 0px 0px 40px; list-style: none; position: relative; font-size: 19px; color: #505050; line-height: 34px; outline-style: none !important; outline-width: initial !important;\">One more disk from security cameras at Le Parc, Nisman\u2019s residence, was discovered, containing 27,000 more photos of the complex for prosecutors to analyze. \u2013\u00a0<a style=\"color: #007bff; background-image: initial; background-position: initial; background-size: initial; background-repeat: initial; background-attachment: initial; background-origin: initial; background-clip: initial; margin: 0px; padding: 0px; border: 0px; vertical-align: baseline; transition: all 0.3s ease-out 0s; outline: none !important;\" href=\"https:\/\/www.clarin.com\/politica\/fiscalia-investiga-caso-nisman-doble-imagenes-analizar_0_iYoYaxfN.html\">Clarin on 19-FEB (content in Spanish)<\/a><\/li><li style=\"margin-right: 0px; margin-bottom: 40px; margin-left: 0px; padding: 0px 0px 0px 40px; list-style: none; position: relative; font-size: 19px; color: #505050; line-height: 34px; outline-style: none !important; outline-width: initial !important;\">Argentine judicial authorities seeking to prosecute officials suspected of covering up Iran\u2019s alleged role in a 1994 Buenos Aires terrorist attack have suffered another setback with the death of a judge who led the legal battle. \u2013\u00a0<a style=\"color: #007bff; background-image: initial; background-position: initial; background-size: initial; background-repeat: initial; background-attachment: initial; background-origin: initial; background-clip: initial; margin: 0px; padding: 0px; border: 0px; vertical-align: baseline; transition: all 0.3s ease-out 0s; outline: none !important;\" href=\"https:\/\/www.voanews.com\/middle-east\/voa-news-iran\/argentine-judge-who-accused-officials-covering-iran-role-1994-attack-dies\">Voice of America on 09-FEB<\/a><\/li><\/ul><p style=\"margin-right: 0px; margin-bottom: 50px; margin-left: 0px; padding: 0px; border: 0px; vertical-align: baseline; background: transparent; line-height: 34px; outline: none !important;\"><strong style=\"font-weight: bold; margin: 0px; padding: 0px; border: 0px; vertical-align: baseline; background: transparent; outline: none !important;\">QATAR<\/strong><\/p><ul style=\"margin-right: 0px; margin-left: 0px; padding: 0px; list-style: square; color: #000000; font-size: 12px; outline-style: none !important; outline-width: initial !important;\"><li style=\"margin-right: 0px; margin-bottom: 40px; margin-left: 0px; padding: 0px 0px 0px 40px; list-style: none; position: relative; font-size: 19px; color: #505050; line-height: 34px; outline-style: none !important; outline-width: initial !important;\">Qatar Airways CEO Akbar al-Baker said \u201cwhen the right opportunity comes, and at the right price, we will look at increasing our investment in LATAM\u201d to the same stake Delta has, or 20% ownership. \u2013\u00a0<a style=\"color: #007bff; background-image: initial; background-position: initial; background-size: initial; background-repeat: initial; background-attachment: initial; background-origin: initial; background-clip: initial; margin: 0px; padding: 0px; border: 0px; vertical-align: baseline; transition: all 0.3s ease-out 0s; outline: none !important;\" href=\"https:\/\/www.financecolombia.com\/state-owned-qatar-airways-wants-20-stake-in-latam\/\">Finance Colombia on 11-FEB<\/a><\/li><\/ul><\/div><\/div><\/div><\/div><\/div><\/div><\/div><\/div><\/div><\/div><\/div><\/div>\t\t\t\t\t\t\t\t<\/div>\n\t\t\t\t<\/div>\n\t\t\t\t<div class=\"elementor-element elementor-element-cab0337 elementor-widget__width-initial elementor-widget elementor-widget-image\" data-id=\"cab0337\" data-element_type=\"widget\" data-widget_type=\"image.default\">\n\t\t\t\t<div class=\"elementor-widget-container\">\n\t\t\t\t\t\t\t\t\t\t\t\t\t\t\t<img loading=\"lazy\" decoding=\"async\" width=\"1536\" height=\"640\" src=\"https:\/\/vric.securefreesociety.org\/wp-content\/uploads\/2021\/09\/chinacover-1536x640-1.webp\" class=\"attachment-full size-full wp-image-3859\" alt=\"\" srcset=\"https:\/\/vric.securefreesociety.org\/wp-content\/uploads\/2021\/09\/chinacover-1536x640-1.webp 1536w, https:\/\/vric.securefreesociety.org\/wp-content\/uploads\/2021\/09\/chinacover-1536x640-1-300x125.webp 300w, https:\/\/vric.securefreesociety.org\/wp-content\/uploads\/2021\/09\/chinacover-1536x640-1-1024x427.webp 1024w, https:\/\/vric.securefreesociety.org\/wp-content\/uploads\/2021\/09\/chinacover-1536x640-1-768x320.webp 768w\" sizes=\"(max-width: 1536px) 100vw, 1536px\" \/>\t\t\t\t\t\t\t\t\t\t\t\t\t\t\t<\/div>\n\t\t\t\t<\/div>\n\t\t\t\t<div class=\"elementor-element elementor-element-191fed0 elementor-widget__width-initial elementor-widget elementor-widget-text-editor\" data-id=\"191fed0\" data-element_type=\"widget\" data-widget_type=\"text-editor.default\">\n\t\t\t\t<div class=\"elementor-widget-container\">\n\t\t\t\t\t\t\t\t\t<div><div><div><div><div><div><div><div><div><div><div style=\"margin: 0px 0px 35px; padding: 0px; border: 0px; vertical-align: baseline; background: transparent; outline: none !important;\"><div style=\"margin: 0px; padding: 0px; border: 0px; vertical-align: baseline; background: transparent; outline: none !important;\"><div style=\"margin: 0px 0px 35px; padding: 0px; border: 0px; vertical-align: baseline; background: transparent; outline: none !important;\"><div style=\"margin: 0px; padding: 0px; border: 0px; vertical-align: baseline; background: transparent; outline: none !important;\"><p style=\"margin-right: 0px; margin-bottom: 50px; margin-left: 0px; padding: 0px; border: 0px; vertical-align: baseline; background: transparent; line-height: 34px; outline: none !important;\">With the spread of the Coronavirus (COVID-19), China has kept a low profile in Latin America this past month. As reported in our last monitor, VRIC allies in Latin America quickly began to issue advisories and suspend travel to China following the outbreak. As the virus continues to spread, it poses a serious risk for countries without the necessary health infrastructure to handle the outbreak. Despite this, China is still making moves in cyberspace and economic engagement with Latin America.<\/p><p>\u00a0<\/p><p style=\"margin-right: 0px; margin-bottom: 50px; margin-left: 0px; padding: 0px; border: 0px; vertical-align: baseline; background: transparent; line-height: 34px; outline: none !important;\">In Argentina, increasing opposition to the International Monetary Fund\u2019s help to solve the financial crisis has led to favoring Chinese intervention for a bailout. Brazil, too, is pending a major Chinese intervention, where President Bolsonaro\u2019s national security adviser will make the decision on whether Huawei will have a major role in installing Brazil\u2019s 5G network. Additionally, China has purchased one of the region\u2019s largest Brazilian-owned, Paraguay-based Bitcoin mines.\u00a0<\/p><p>\u00a0<\/p><ul style=\"margin-right: 0px; margin-left: 0px; padding: 0px; list-style: square; color: #000000; font-size: 12px; outline-style: none !important; outline-width: initial !important;\"><li style=\"margin-right: 0px; margin-bottom: 40px; margin-left: 0px; padding: 0px 0px 0px 40px; list-style: none; position: relative; font-size: 19px; color: #505050; line-height: 34px; outline-style: none !important; outline-width: initial !important;\">Last November, in a first for Latin America,\u00a0Ecuador became a fully-fledged member of the Asian Infrastructure Investment Bank (AIIB), the China-led multilateral bank that began operating in 2015 with a mandate to finance development projects around the world. \u2013\u00a0<a style=\"color: #007bff; background-image: initial; background-position: initial; background-size: initial; background-repeat: initial; background-attachment: initial; background-origin: initial; background-clip: initial; margin: 0px; padding: 0px; border: 0px; vertical-align: baseline; transition: all 0.3s ease-out 0s; outline: none !important;\" href=\"https:\/\/dialogochino.net\/en\/infrastructure\/33575-can-latin-americas-first-aiib-member-learn-from-past-mistakes\/\">Dialogo Chino on 24-FEB<\/a><\/li><li style=\"margin-right: 0px; margin-bottom: 40px; margin-left: 0px; padding: 0px 0px 0px 40px; list-style: none; position: relative; font-size: 19px; color: #505050; line-height: 34px; outline-style: none !important; outline-width: initial !important;\">With money tight and funding scarce, Argentine President Alberto Fern\u00e1ndez is looking to China-\u00a0a move that could see key infrastructure projects restarted and a bolstering of Central Bank reserves. \u2013\u00a0<a style=\"color: #007bff; background-image: initial; background-position: initial; background-size: initial; background-repeat: initial; background-attachment: initial; background-origin: initial; background-clip: initial; margin: 0px; padding: 0px; border: 0px; vertical-align: baseline; transition: all 0.3s ease-out 0s; outline: none !important;\" href=\"https:\/\/www.batimes.com.ar\/news\/economy\/alberto-fernandez-eyes-china-in-bid-to-alleviate-argentinas-debt-crisis.phtml\">Buenos Aires Times on 22-FEB<\/a><\/li><li style=\"margin-right: 0px; margin-bottom: 40px; margin-left: 0px; padding: 0px 0px 0px 40px; list-style: none; position: relative; font-size: 19px; color: #505050; line-height: 34px; outline-style: none !important; outline-width: initial !important;\">Brazilian meatpacker JBS has agreed to supply WH Group, a Hong Kong-based meat processor with access to retail outlets across China, with meat products worth around $687 million a year, beginning in 2020. \u2013\u00a0<a style=\"color: #007bff; background-image: initial; background-position: initial; background-size: initial; background-repeat: initial; background-attachment: initial; background-origin: initial; background-clip: initial; margin: 0px; padding: 0px; border: 0px; vertical-align: baseline; transition: all 0.3s ease-out 0s; outline: none !important;\" href=\"https:\/\/news.mongabay.com\/2020\/02\/brazilian-meat-giant-jbs-expands-its-reach-in-china\/\">Mongabay on 20-FEB<\/a><\/li><li style=\"margin-right: 0px; margin-bottom: 40px; margin-left: 0px; padding: 0px 0px 0px 40px; list-style: none; position: relative; font-size: 19px; color: #505050; line-height: 34px; outline-style: none !important; outline-width: initial !important;\">The Brazilian telecoms regulator preparing to auction bandwidth for 5G mobile data said any decision on the security risks of using Chinese technology will ultimately be taken by the president\u2019s national security advisor. \u2013\u00a0<a style=\"color: #007bff; background-image: initial; background-position: initial; background-size: initial; background-repeat: initial; background-attachment: initial; background-origin: initial; background-clip: initial; margin: 0px; padding: 0px; border: 0px; vertical-align: baseline; transition: all 0.3s ease-out 0s; outline: none !important;\" href=\"https:\/\/in.reuters.com\/article\/brazil-telecoms\/huawei-role-in-brazil-5g-up-to-national-security-chief-regulator-idINKBN20C1U6?rpc=401&amp;\">Reuters on 18-FEB<\/a><\/li><li style=\"margin-right: 0px; margin-bottom: 40px; margin-left: 0px; padding: 0px 0px 0px 40px; list-style: none; position: relative; font-size: 19px; color: #505050; line-height: 34px; outline-style: none !important; outline-width: initial !important;\">A Chinese group is looking to buy one of Latin America\u2019s largest Bitcoin Mines of a Brazilian-owned, Paraguay-registered mining farm. The entire mining plant in Paraguay will be sold to a Chinese group that already operates similar farms in China. \u2013\u00a0<a style=\"color: #007bff; background-image: initial; background-position: initial; background-size: initial; background-repeat: initial; background-attachment: initial; background-origin: initial; background-clip: initial; margin: 0px; padding: 0px; border: 0px; vertical-align: baseline; transition: all 0.3s ease-out 0s; outline: none !important;\" href=\"https:\/\/cointelegraph.com\/news\/exclusive-chinese-group-looking-to-buy-one-of-latin-americas-largest-bitcoin-mines\">CoinTelegraph on 13-FEB<\/a><\/li><li style=\"margin-right: 0px; margin-bottom: 40px; margin-left: 0px; padding: 0px 0px 0px 40px; list-style: none; position: relative; font-size: 19px; color: #505050; line-height: 34px; outline-style: none !important; outline-width: initial !important;\">The Panama City metro expansion will now go through a tunnel under the canal instead of alongside a bridge. The bridge is under contract to a Chinese consortium and the metro line to a South Korean company. \u2013\u00a0<a style=\"color: #007bff; background-image: initial; background-position: initial; background-size: initial; background-repeat: initial; background-attachment: initial; background-origin: initial; background-clip: initial; margin: 0px; padding: 0px; border: 0px; vertical-align: baseline; transition: all 0.3s ease-out 0s; outline: none !important;\" href=\"https:\/\/abcnews.go.com\/International\/wireStory\/panama-city-metro-expansion-tunnel-canal-68975100\">ABC News on 13-FEB<\/a><\/li><\/ul><p style=\"margin-right: 0px; margin-bottom: 50px; margin-left: 0px; padding: 0px; border: 0px; vertical-align: baseline; background: transparent; line-height: 34px; outline: none !important;\"><strong style=\"font-weight: bold; margin: 0px; padding: 0px; border: 0px; vertical-align: baseline; background: transparent; outline: none !important;\">CORONAVIRUS<\/strong><\/p><ul style=\"margin-right: 0px; margin-left: 0px; padding: 0px; list-style: square; color: #000000; font-size: 12px; outline-style: none !important; outline-width: initial !important;\"><li style=\"margin-right: 0px; margin-bottom: 40px; margin-left: 0px; padding: 0px 0px 0px 40px; list-style: none; position: relative; font-size: 19px; color: #505050; line-height: 34px; outline-style: none !important; outline-width: initial !important;\">Costa Rican President Carlos Alvarado said at a press conference that mass gathering events in Costa Rica are being suspended for at least two weeks and until further notice. These include concerts, topes (horse parades) and regional festivals. \u2013\u00a0<a style=\"color: #007bff; background-image: initial; background-position: initial; background-size: initial; background-repeat: initial; background-attachment: initial; background-origin: initial; background-clip: initial; margin: 0px; padding: 0px; border: 0px; vertical-align: baseline; transition: all 0.3s ease-out 0s; outline: none !important;\" href=\"https:\/\/ticotimes.net\/2020\/03\/09\/costa-rica-suspends-mass-gatherings-in-face-of-coronavirus\">Tico Times on 09-MAR<\/a><\/li><li style=\"margin-right: 0px; margin-bottom: 40px; margin-left: 0px; padding: 0px 0px 0px 40px; list-style: none; position: relative; font-size: 19px; color: #505050; line-height: 34px; outline-style: none !important; outline-width: initial !important;\">It turns out it was just a matter of time. The coronavirus landed in Latin America on February 26th, when Brazil confirmed a case in S\u00e3o Paulo. Since then, the memes have given way to action, as governments across the region seek to protect their citizens and contain COVID-19\u2019s spread. \u2013\u00a0<a style=\"color: #007bff; background-image: initial; background-position: initial; background-size: initial; background-repeat: initial; background-attachment: initial; background-origin: initial; background-clip: initial; margin: 0px; padding: 0px; border: 0px; vertical-align: baseline; transition: all 0.3s ease-out 0s; outline: none !important;\" href=\"https:\/\/www.as-coa.org\/articles\/where-coronavirus-latin-america\">AS\/COA on 09-MAR<\/a><\/li><li style=\"margin-right: 0px; margin-bottom: 40px; margin-left: 0px; padding: 0px 0px 0px 40px; list-style: none; position: relative; font-size: 19px; color: #505050; line-height: 34px; outline-style: none !important; outline-width: initial !important;\">A 32-year-old Paraguayan who arrived from Ecuador on March 3rd, is the first infected by the new coronavirus in the country, Paraguayan Health Minister Julio Mazzoleni confirmed. \u2013\u00a0<a style=\"color: #007bff; background-image: initial; background-position: initial; background-size: initial; background-repeat: initial; background-attachment: initial; background-origin: initial; background-clip: initial; margin: 0px; padding: 0px; border: 0px; vertical-align: baseline; transition: all 0.3s ease-out 0s; outline: none !important;\" href=\"https:\/\/www.elcomercio.com\/actualidad\/hombre-ecuador-primer-coronavirus-paraguay.html\">El Comercio on 07-MAR (content in Spanish)<\/a><\/li><li style=\"margin-right: 0px; margin-bottom: 40px; margin-left: 0px; padding: 0px 0px 0px 40px; list-style: none; position: relative; font-size: 19px; color: #505050; line-height: 34px; outline-style: none !important; outline-width: initial !important;\">Mexican authorities said they have identified a sixth person infected with coronavirus, a 71-year-old man\u00a0who recently traveled to northern Italy. \u2013\u00a0<a style=\"color: #007bff; background-image: initial; background-position: initial; background-size: initial; background-repeat: initial; background-attachment: initial; background-origin: initial; background-clip: initial; margin: 0px; padding: 0px; border: 0px; vertical-align: baseline; transition: all 0.3s ease-out 0s; outline: none !important;\" href=\"https:\/\/www.reuters.com\/article\/us-health-coronavirus-mexico-case\/mexico-reports-its-sixth-case-of-coronavirus-idUSKBN20U055\">Reuters on 06-MAR<\/a><\/li><li style=\"margin-right: 0px; margin-bottom: 40px; margin-left: 0px; padding: 0px 0px 0px 40px; list-style: none; position: relative; font-size: 19px; color: #505050; line-height: 34px; outline-style: none !important; outline-width: initial !important;\">Colombia\u2019s ministry of health confirmed the country\u2019s first case of novel coronavirus, according to a statement. The patient, a 19-year-old woman, traveled to Milan, Italy, and upon her return presented symptoms related to the virus. \u2013\u00a0<a style=\"color: #007bff; background-image: initial; background-position: initial; background-size: initial; background-repeat: initial; background-attachment: initial; background-origin: initial; background-clip: initial; margin: 0px; padding: 0px; border: 0px; vertical-align: baseline; transition: all 0.3s ease-out 0s; outline: none !important;\" href=\"https:\/\/www.cnn.com\/2020\/03\/06\/americas\/colombia-coronavirus-case\/index.html\">CNN on 06-MAR<\/a><\/li><li style=\"margin-right: 0px; margin-bottom: 40px; margin-left: 0px; padding: 0px 0px 0px 40px; list-style: none; position: relative; font-size: 19px; color: #505050; line-height: 34px; outline-style: none !important; outline-width: initial !important;\">Mexico\u2019s exports could decline by $1.37 billion due to the outbreak of the novel coronavirus known as COVID-19, according to the United Nations Conference on Trade and Development (UNCTAD). \u2013\u00a0<a style=\"color: #007bff; background-image: initial; background-position: initial; background-size: initial; background-repeat: initial; background-attachment: initial; background-origin: initial; background-clip: initial; margin: 0px; padding: 0px; border: 0px; vertical-align: baseline; transition: all 0.3s ease-out 0s; outline: none !important;\" href=\"https:\/\/mexiconewsdaily.com\/news\/coronavirus-could-hurt-mexicos-exports\/\">Mexico News Daily on 06-MAR<\/a><\/li><li style=\"margin-right: 0px; margin-bottom: 40px; margin-left: 0px; padding: 0px 0px 0px 40px; list-style: none; position: relative; font-size: 19px; color: #505050; line-height: 34px; outline-style: none !important; outline-width: initial !important;\">The first confirmed cases of coronavirus are being reported in the Caribbean, after authorities in the Dominican Republic confirmed that an Italian national was checked into a Santo Domingo hospital. \u2013\u00a0<a style=\"color: #007bff; background-image: initial; background-position: initial; background-size: initial; background-repeat: initial; background-attachment: initial; background-origin: initial; background-clip: initial; margin: 0px; padding: 0px; border: 0px; vertical-align: baseline; transition: all 0.3s ease-out 0s; outline: none !important;\" href=\"https:\/\/www.wlrn.org\/post\/coronavirus-cases-confirmed-dominican-republic-caribbean-islands-put-vulnerable-region-risk#stream\/0\">WLRN on 02-MAR<\/a><\/li><li style=\"margin-right: 0px; margin-bottom: 40px; margin-left: 0px; padding: 0px 0px 0px 40px; list-style: none; position: relative; font-size: 19px; color: #505050; line-height: 34px; outline-style: none !important; outline-width: initial !important;\">Ecuador has confirmed five additional cases of the new coronavirus, Health Minister Catalina Andramu\u00f1o said. \u2013\u00a0<a style=\"color: #007bff; background-image: initial; background-position: initial; background-size: initial; background-repeat: initial; background-attachment: initial; background-origin: initial; background-clip: initial; margin: 0px; padding: 0px; border: 0px; vertical-align: baseline; transition: all 0.3s ease-out 0s; outline: none !important;\" href=\"https:\/\/www.bbc.com\/news\/world-latin-america-51704319\" target=\"_blank\" rel=\"noreferrer noopener\">BBC on\u00a002-MAR<\/a><\/li><li style=\"margin-right: 0px; margin-bottom: 40px; margin-left: 0px; padding: 0px 0px 0px 40px; list-style: none; position: relative; font-size: 19px; color: #505050; line-height: 34px; outline-style: none !important; outline-width: initial !important;\">Latin America saw its first confirmed case of the new coronavirus spreading worldwide when Brazil\u2019s government announced that a 61-year-old man who traveled to Italy\u00a0had the virus. \u2013\u00a0<a style=\"color: #007bff; background-image: initial; background-position: initial; background-size: initial; background-repeat: initial; background-attachment: initial; background-origin: initial; background-clip: initial; margin: 0px; padding: 0px; border: 0px; vertical-align: baseline; transition: all 0.3s ease-out 0s; outline: none !important;\" href=\"https:\/\/apnews.com\/746a41e836850d81f4cdddd2d8a20e64\">Associated Press on 27-FEB<\/a><\/li><li style=\"margin-right: 0px; margin-bottom: 40px; margin-left: 0px; padding: 0px 0px 0px 40px; list-style: none; position: relative; font-size: 19px; color: #505050; line-height: 34px; outline-style: none !important; outline-width: initial !important;\">The Ministry of Health has stepped up its precautionary health measures at Lima\u2019s Jorge Chavez airport, following a statement by the World Health Organization that the coronavirus COVID-19 could become a pandemic. \u2013\u00a0<a style=\"color: #007bff; background-image: initial; background-position: initial; background-size: initial; background-repeat: initial; background-attachment: initial; background-origin: initial; background-clip: initial; margin: 0px; padding: 0px; border: 0px; vertical-align: baseline; transition: all 0.3s ease-out 0s; outline: none !important;\" href=\"https:\/\/www.peruviantimes.com\/25\/health-ministry-sets-up-budget-and-protocols-to-face-covid-19-virus\/32189\/\">Peruvian Times on 25-FEB<\/a><\/li><li style=\"margin-right: 0px; margin-bottom: 40px; margin-left: 0px; padding: 0px 0px 0px 40px; list-style: none; position: relative; font-size: 19px; color: #505050; line-height: 34px; outline-style: none !important; outline-width: initial !important;\">China\u2019s economy has come to a sudden stop. For Latin America, which counts China as its largest trade partner overall, the risks are also piling up. \u2013\u00a0<a style=\"color: #007bff; background-image: initial; background-position: initial; background-size: initial; background-repeat: initial; background-attachment: initial; background-origin: initial; background-clip: initial; margin: 0px; padding: 0px; border: 0px; vertical-align: baseline; transition: all 0.3s ease-out 0s; outline: none !important;\" href=\"https:\/\/www.americasquarterly.org\/content\/how-coronavirus-poses-new-risks-latin-americas-sputtering-economies\">Americas Quarterly on 20-FEB<\/a><\/li><li style=\"margin-right: 0px; margin-bottom: 40px; margin-left: 0px; padding: 0px 0px 0px 40px; list-style: none; position: relative; font-size: 19px; color: #505050; line-height: 34px; outline-style: none !important; outline-width: initial !important;\">Argentina\u2019s beef exports to China stumble due to coronavirus \u2013\u00a0<a style=\"color: #007bff; background-image: initial; background-position: initial; background-size: initial; background-repeat: initial; background-attachment: initial; background-origin: initial; background-clip: initial; margin: 0px; padding: 0px; border: 0px; vertical-align: baseline; transition: all 0.3s ease-out 0s; outline: none !important;\" href=\"https:\/\/www.batimes.com.ar\/news\/economy\/argentinas-beef-exports-to-china-stumble-due-to-coronavirus.phtml\">Buenos Aires Times on 18-FEB<\/a><\/li><li style=\"margin-right: 0px; margin-bottom: 40px; margin-left: 0px; padding: 0px 0px 0px 40px; list-style: none; position: relative; font-size: 19px; color: #505050; line-height: 34px; outline-style: none !important; outline-width: initial !important;\">The Government of Peru has expressed its solidarity with the Government and citizens of the People\u2019s Republic of China following the efforts they are undertaking to contain the spread of COVID-19. \u2013\u00a0<a style=\"color: #007bff; background-image: initial; background-position: initial; background-size: initial; background-repeat: initial; background-attachment: initial; background-origin: initial; background-clip: initial; margin: 0px; padding: 0px; border: 0px; vertical-align: baseline; transition: all 0.3s ease-out 0s; outline: none !important;\" href=\"https:\/\/panpacificagency.com\/news\/america\/02\/11\/peru-expresses-solidarity-with-china-govt-due-to-coronavirus-spread\/\">Pan Pacific Agency on 11-FEB<\/a><\/li><\/ul><p style=\"margin-right: 0px; margin-bottom: 50px; margin-left: 0px; padding: 0px; border: 0px; vertical-align: baseline; background: transparent; line-height: 34px; outline: none !important;\"><strong style=\"font-weight: bold; margin: 0px; padding: 0px; border: 0px; vertical-align: baseline; background: transparent; outline: none !important;\">NORTH KOREA<\/strong><\/p><ul style=\"margin-right: 0px; margin-left: 0px; padding: 0px; list-style: square; color: #000000; font-size: 12px; outline-style: none !important; outline-width: initial !important;\"><li style=\"margin-right: 0px; margin-bottom: 40px; margin-left: 0px; padding: 0px 0px 0px 40px; list-style: none; position: relative; font-size: 19px; color: #505050; line-height: 34px; outline-style: none !important; outline-width: initial !important;\">State media reports a Latin American regional internet seminar \u201cthe Juche idea and self-reliance\u201d was held in Brazil on February 14th to mark the Day of the Shining Star (birth anniversary of Chairman Kim Jong Il). \u2013\u00a0<a style=\"color: #007bff; background-image: initial; background-position: initial; background-size: initial; background-repeat: initial; background-attachment: initial; background-origin: initial; background-clip: initial; margin: 0px; padding: 0px; border: 0px; vertical-align: baseline; transition: all 0.3s ease-out 0s; outline: none !important;\" href=\"https:\/\/kcnawatch.org\/newstream\/1582516870-136981597\/latin-american-regional-internet-seminar-juche-idea-and-self-reliance-held\/\">KCNA Watch on 24-FEB<\/a><\/li><li style=\"margin-right: 0px; margin-bottom: 40px; margin-left: 0px; padding: 0px 0px 0px 40px; list-style: none; position: relative; font-size: 19px; color: #505050; line-height: 34px; outline-style: none !important; outline-width: initial !important;\">State media reports the DPRK mission in Brazil, Venezuela, and Mexico celebrated the birth anniversary of Chairman Kim Jong Il. \u2013\u00a0<a style=\"color: #007bff; background-image: initial; background-position: initial; background-size: initial; background-repeat: initial; background-attachment: initial; background-origin: initial; background-clip: initial; margin: 0px; padding: 0px; border: 0px; vertical-align: baseline; transition: all 0.3s ease-out 0s; outline: none !important;\" href=\"https:\/\/kcnawatch.org\/newstream\/1582523429-892435349\/day-of-shining-star-celebrated-abroad\/\">KCNA Watch on 24-FEB<\/a><\/li><\/ul><\/div><\/div><\/div><\/div><\/div><\/div><\/div><\/div><\/div><\/div><\/div><\/div><\/div><\/div>\t\t\t\t\t\t\t\t<\/div>\n\t\t\t\t<\/div>\n\t\t\t\t<div class=\"elementor-element elementor-element-ae1fde9 elementor-widget__width-initial elementor-widget elementor-widget-text-editor\" data-id=\"ae1fde9\" data-element_type=\"widget\" data-widget_type=\"text-editor.default\">\n\t\t\t\t<div class=\"elementor-widget-container\">\n\t\t\t\t\t\t\t\t\t<div><div><div><div><div><div><div><div><div><div><div><div><div><div><div><div><div style=\"margin: 0px 0px 35px; padding: 0px; border: 0px; vertical-align: baseline; background-image: initial; background-position: initial; background-size: initial; background-repeat: initial; background-attachment: initial; background-origin: initial; background-clip: initial; outline: none !important;\"><div style=\"margin: 0px; padding: 0px; border: 0px; vertical-align: baseline; background: transparent; outline: none !important;\"><div style=\"margin: 0px 0px 35px; padding: 0px; border: 0px; vertical-align: baseline; background-image: initial; background-position: initial; background-size: initial; background-repeat: initial; background-attachment: initial; background-origin: initial; background-clip: initial; outline: none !important;\"><div style=\"margin: 0px; padding: 0px; border: 0px; vertical-align: baseline; background: transparent; outline: none !important;\"><p style=\"margin-right: 0px; margin-bottom: 0px; margin-left: 0px; padding: 0px; border: 0px; vertical-align: baseline; background: transparent; line-height: 34px; outline: none !important;\"><em style=\"margin: 0px; padding: 0px; border: 0px; vertical-align: baseline; background: transparent; color: #505050; outline: none !important;\">The VRIC Monitor is a one-of-a-kind, monthly report from the Center for a Secure Free Society\u00a0tracking extra-regional\u00a0influence in Latin America. VRIC stands for\u00a0<strong style=\"font-weight: bold; margin: 0px; padding: 0px; border: 0px; vertical-align: baseline; background: transparent; outline: none !important;\">V<\/strong>enezuela,\u00a0<strong style=\"font-weight: bold; margin: 0px; padding: 0px; border: 0px; vertical-align: baseline; background: transparent; outline: none !important;\">R<\/strong>ussia,\u00a0<strong style=\"font-weight: bold; margin: 0px; padding: 0px; border: 0px; vertical-align: baseline; background: transparent; outline: none !important;\">I<\/strong>ran,\u00a0<strong style=\"font-weight: bold; margin: 0px; padding: 0px; border: 0px; vertical-align: baseline; background: transparent; outline: none !important;\">C<\/strong>hina where Venezuela represents the Bolivarian Revolution and the broader Bolivarian Network. Likewise, Iran represents the Iranian Revolution and a growing presence of Middle Eastern actors in Latin America, namely its chief proxy, Hezbollah.<\/em><\/p><p>\u00a0<\/p><p style=\"margin-right: 0px; margin-bottom: 0px; margin-left: 0px; padding: 0px; border: 0px; vertical-align: baseline; background: transparent; line-height: 34px; outline: none !important;\"><em style=\"margin: 0px; padding: 0px; border: 0px; vertical-align: baseline; background: transparent; color: #505050; outline: none !important;\">The monitor is comprised of open source information selected by SFS researchers and fellows. This is not a complete list of media reports on VRIC presence in Latin America, but a snapshot of open-source media highlighting the major areas of VRIC influence.\u00a0<\/em><\/p><\/div><\/div><\/div><\/div><\/div><\/div><\/div><\/div><\/div><\/div><\/div><\/div><\/div><\/div><\/div><\/div><\/div><\/div><\/div><\/div>\t\t\t\t\t\t\t\t<\/div>\n\t\t\t\t<\/div>\n\t\t\t\t\t<\/div>\n\t\t<\/div>\n\t\t\t\t\t<\/div>\n\t\t<\/section>\n\t\t\t\t<\/div>\n\t\t","protected":false},"excerpt":{"rendered":"<p>February marked an important advancement in the United States\u2019 \u201cmaximum pressure\u201d policy on the Maduro regime in Venezuela\u2013 focused on the extra-regional actors propping up the regime.<\/p>\n","protected":false},"author":1,"featured_media":3065,"comment_status":"open","ping_status":"open","sticky":false,"template":"","format":"standard","meta":{"_monsterinsights_skip_tracking":false,"_monsterinsights_sitenote_active":false,"_monsterinsights_sitenote_note":"","_monsterinsights_sitenote_category":0,"footnotes":""},"categories":[10],"tags":[],"class_list":["post-3678","post","type-post","status-publish","format-standard","has-post-thumbnail","hentry","category-sin-categorizar"],"jetpack_featured_media_url":"https:\/\/vric.securefreesociety.org\/wp-content\/uploads\/2020\/03\/10vr.jpg","_links":{"self":[{"href":"https:\/\/vric.securefreesociety.org\/es\/wp-json\/wp\/v2\/posts\/3678","targetHints":{"allow":["GET"]}}],"collection":[{"href":"https:\/\/vric.securefreesociety.org\/es\/wp-json\/wp\/v2\/posts"}],"about":[{"href":"https:\/\/vric.securefreesociety.org\/es\/wp-json\/wp\/v2\/types\/post"}],"author":[{"embeddable":true,"href":"https:\/\/vric.securefreesociety.org\/es\/wp-json\/wp\/v2\/users\/1"}],"replies":[{"embeddable":true,"href":"https:\/\/vric.securefreesociety.org\/es\/wp-json\/wp\/v2\/comments?post=3678"}],"version-history":[{"count":7,"href":"https:\/\/vric.securefreesociety.org\/es\/wp-json\/wp\/v2\/posts\/3678\/revisions"}],"predecessor-version":[{"id":5423,"href":"https:\/\/vric.securefreesociety.org\/es\/wp-json\/wp\/v2\/posts\/3678\/revisions\/5423"}],"wp:featuredmedia":[{"embeddable":true,"href":"https:\/\/vric.securefreesociety.org\/es\/wp-json\/wp\/v2\/media\/3065"}],"wp:attachment":[{"href":"https:\/\/vric.securefreesociety.org\/es\/wp-json\/wp\/v2\/media?parent=3678"}],"wp:term":[{"taxonomy":"category","embeddable":true,"href":"https:\/\/vric.securefreesociety.org\/es\/wp-json\/wp\/v2\/categories?post=3678"},{"taxonomy":"post_tag","embeddable":true,"href":"https:\/\/vric.securefreesociety.org\/es\/wp-json\/wp\/v2\/tags?post=3678"}],"curies":[{"name":"wp","href":"https:\/\/api.w.org\/{rel}","templated":true}]}}