{"id":3686,"date":"2019-08-01T12:51:20","date_gmt":"2019-08-01T12:51:20","guid":{"rendered":"https:\/\/vricmonitor.org\/july-august-2019\/"},"modified":"2024-08-21T17:08:31","modified_gmt":"2024-08-21T17:08:31","slug":"july-august-2019","status":"publish","type":"post","link":"https:\/\/vric.securefreesociety.org\/es\/july-august-2019\/","title":{"rendered":"JULY &amp; AUGUST 2019"},"content":{"rendered":"\t\t<div data-elementor-type=\"wp-post\" data-elementor-id=\"3686\" class=\"elementor elementor-3686 elementor-712\" data-elementor-post-type=\"post\">\n\t\t\t\t\t\t<section class=\"elementor-section elementor-top-section elementor-element elementor-element-1c6a46b elementor-section-boxed elementor-section-height-default elementor-section-height-default\" data-id=\"1c6a46b\" data-element_type=\"section\">\n\t\t\t\t\t\t<div class=\"elementor-container elementor-column-gap-default\">\n\t\t\t\t\t<div class=\"elementor-column elementor-col-100 elementor-top-column elementor-element elementor-element-c35842f\" data-id=\"c35842f\" data-element_type=\"column\">\n\t\t\t<div class=\"elementor-widget-wrap elementor-element-populated\">\n\t\t\t\t\t\t<div class=\"elementor-element elementor-element-6a33a99 elementor-widget elementor-widget-image\" data-id=\"6a33a99\" data-element_type=\"widget\" data-widget_type=\"image.default\">\n\t\t\t\t<div class=\"elementor-widget-container\">\n\t\t\t\t\t\t\t\t\t\t\t\t\t\t\t<img fetchpriority=\"high\" decoding=\"async\" width=\"800\" height=\"430\" src=\"https:\/\/vric.securefreesociety.org\/wp-content\/uploads\/2019\/08\/vric06-1024x550.png\" class=\"attachment-large size-large wp-image-5486\" alt=\"\" srcset=\"https:\/\/vric.securefreesociety.org\/wp-content\/uploads\/2019\/08\/vric06-1024x550.png 1024w, https:\/\/vric.securefreesociety.org\/wp-content\/uploads\/2019\/08\/vric06-300x161.png 300w, https:\/\/vric.securefreesociety.org\/wp-content\/uploads\/2019\/08\/vric06-768x412.png 768w, https:\/\/vric.securefreesociety.org\/wp-content\/uploads\/2019\/08\/vric06-1536x825.png 1536w, https:\/\/vric.securefreesociety.org\/wp-content\/uploads\/2019\/08\/vric06.png 1920w\" sizes=\"(max-width: 800px) 100vw, 800px\" \/>\t\t\t\t\t\t\t\t\t\t\t\t\t\t\t<\/div>\n\t\t\t\t<\/div>\n\t\t\t\t<div class=\"elementor-element elementor-element-8aa43b7 elementor-widget__width-initial elementor-widget elementor-widget-text-editor\" data-id=\"8aa43b7\" data-element_type=\"widget\" data-widget_type=\"text-editor.default\">\n\t\t\t\t<div class=\"elementor-widget-container\">\n\t\t\t\t\t\t\t\t\t<div><div><div><div><div style=\"margin: 0px 0px 35px; padding: 0px; border: 0px; vertical-align: baseline; background: transparent; color: #000000; font-size: 12px; outline: none !important;\"><div style=\"margin: 0px; padding: 0px; border: 0px; vertical-align: baseline; background: transparent; outline: none !important;\"><div style=\"margin: 0px 0px 35px; padding: 0px; border: 0px; vertical-align: baseline; background: transparent; outline: none !important;\"><div style=\"margin: 0px; padding: 0px; border: 0px; vertical-align: baseline; background: transparent; outline: none !important;\"><div style=\"margin: 0px 0px 35px; padding: 0px; border: 0px; vertical-align: baseline; background: transparent; outline: none !important;\"><div style=\"margin: 0px; padding: 0px; border: 0px; vertical-align: baseline; background: transparent; outline: none !important;\"><p style=\"margin-right: 0px; margin-bottom: 50px; margin-left: 0px; padding: 0px; border: 0px; vertical-align: baseline; background: transparent; font-size: 19px; color: #505050; line-height: 34px; outline: none !important;\">On July 9th, the head of the Pentagon\u2019s Southern Command, Admiral Craig Faller, provided testimony to the Senate Armed Services Subcommittee on Emerging Threats and Capabilities warning of the collective threat of Russia, Iran, and China in Latin America, especially in Venezuela. In his testimony, Admiral Faller encapsulates the challenge in Latin America posed by VRIC nations in his opening statement:<\/p><\/div><\/div><\/div><\/div><\/div><\/div><\/div><\/div><\/div><\/div>\t\t\t\t\t\t\t\t<\/div>\n\t\t\t\t<\/div>\n\t\t\t\t<div class=\"elementor-element elementor-element-74ff6de elementor-widget__width-initial elementor-widget elementor-widget-text-editor\" data-id=\"74ff6de\" data-element_type=\"widget\" data-widget_type=\"text-editor.default\">\n\t\t\t\t<div class=\"elementor-widget-container\">\n\t\t\t\t\t\t\t\t\t<div><div><div><div><div style=\"margin: 0px 0px 35px; padding: 0px; border: 0px; vertical-align: baseline; background: transparent; color: #000000; font-size: 12px; outline: none !important;\"><div style=\"margin: 0px; padding: 0px; border: 0px; vertical-align: baseline; background: transparent; outline: none !important;\"><div style=\"margin: 0px 0px 35px; padding: 0px; border: 0px; vertical-align: baseline; background: transparent; outline: none !important;\"><div style=\"margin: 0px; padding: 0px; border: 0px; vertical-align: baseline; background: transparent; outline: none !important;\"><div style=\"margin: 0px 0px 35px; padding: 0px; border: 0px; vertical-align: baseline; background: transparent; outline: none !important;\"><div style=\"margin: 0px; padding: 0px; border: 0px; vertical-align: baseline; background: transparent; outline: none !important;\"><p style=\"margin-right: 0px; margin-bottom: 50px; margin-left: 0px; padding: 0px; border: 0px; vertical-align: baseline; background: transparent; font-size: 19px; color: #505050; line-height: 34px; outline: none !important;\"><span style=\"font-style: italic;\">\u201cThe most disturbing insight, however, has been the degree to which External State Actors (ESAs)\u2014China, Russia, and to a lesser extent, Iran, and North Korea\u2014have expanded their access and influence in our neighborhood. Each actor engages in a wide array of concerning, potentially destabilizing activities, blurring the lines of what constitutes a traditional \u201cmilitary threat\u201d through economic coercion, the systematic stealing of technology, pernicious disinformation campaigns, and malicious cyber activity.\u201d<\/span><\/p><\/div><\/div><\/div><\/div><\/div><\/div><\/div><\/div><\/div><\/div>\t\t\t\t\t\t\t\t<\/div>\n\t\t\t\t<\/div>\n\t\t\t\t<div class=\"elementor-element elementor-element-33d6c31 elementor-widget__width-initial elementor-widget elementor-widget-text-editor\" data-id=\"33d6c31\" data-element_type=\"widget\" data-widget_type=\"text-editor.default\">\n\t\t\t\t<div class=\"elementor-widget-container\">\n\t\t\t\t\t\t\t\t\t<div><div><div><div><div style=\"margin: 0px 0px 35px; padding: 0px; border: 0px; vertical-align: baseline; background: transparent; color: #000000; font-size: 12px; outline: none !important;\"><div style=\"margin: 0px; padding: 0px; border: 0px; vertical-align: baseline; background: transparent; outline: none !important;\"><div style=\"margin: 0px 0px 35px; padding: 0px; border: 0px; vertical-align: baseline; background: transparent; outline: none !important;\"><div style=\"margin: 0px; padding: 0px; border: 0px; vertical-align: baseline; background: transparent; outline: none !important;\"><div style=\"margin: 0px 0px 35px; padding: 0px; border: 0px; vertical-align: baseline; background: transparent; outline: none !important;\"><div style=\"margin: 0px; padding: 0px; border: 0px; vertical-align: baseline; background: transparent; outline: none !important;\"><p style=\"margin-right: 0px; margin-bottom: 50px; margin-left: 0px; padding: 0px; border: 0px; vertical-align: baseline; background: transparent; font-size: 19px; color: #505050; line-height: 34px; outline: none !important;\">The VRIC monitor demonstrates Adm. Faller\u2019s point well. This summer has seen Russia continuously propagandize the Venezuela crisis, Iran\u2019s increased diplomatic engagement with the ALBA bloc, and China\u2019s \u201ceconomic coercion\u201d through infrastructure deals that blur its military footprint in the region. Moreover, the VRIC is quietly and gradually advancing on critical infrastructure projects in South America, to include the bi-oceanic railway between Peru, Bolivia, and Brazil, and nuclear cooperation with Bolivia and Argentina.<\/p><p>\u00a0<\/p><p style=\"margin-right: 0px; margin-bottom: 50px; margin-left: 0px; padding: 0px; border: 0px; vertical-align: baseline; background: transparent; font-size: 19px; color: #505050; line-height: 34px; outline: none !important;\">The ongoing crisis in Venezuela provides an opportunity for VRIC nations, namely Iran and Russia, to increase its diplomatic and military cooperation with the Maduro regime. A point that the U.S. Congress is increasingly paying attention to. Florida Senator Rick Scott outlined the VRIC challenge in June through both a CNBC op\/ed and a speech at the Atlantic Council, stating:<\/p><\/div><\/div><\/div><\/div><\/div><\/div><\/div><\/div><\/div><\/div>\t\t\t\t\t\t\t\t<\/div>\n\t\t\t\t<\/div>\n\t\t\t\t<div class=\"elementor-element elementor-element-82a961d elementor-widget__width-initial elementor-widget elementor-widget-text-editor\" data-id=\"82a961d\" data-element_type=\"widget\" data-widget_type=\"text-editor.default\">\n\t\t\t\t<div class=\"elementor-widget-container\">\n\t\t\t\t\t\t\t\t\t<div><div><div><div><div style=\"margin: 0px 0px 35px; padding: 0px; border: 0px; vertical-align: baseline; background: transparent; color: #000000; font-size: 12px; outline: none !important;\"><div style=\"margin: 0px; padding: 0px; border: 0px; vertical-align: baseline; background: transparent; outline: none !important;\"><div style=\"margin: 0px 0px 35px; padding: 0px; border: 0px; vertical-align: baseline; background: transparent; outline: none !important;\"><div style=\"margin: 0px; padding: 0px; border: 0px; vertical-align: baseline; background: transparent; outline: none !important;\"><div style=\"margin: 0px 0px 35px; padding: 0px; border: 0px; vertical-align: baseline; background: transparent; outline: none !important;\"><div style=\"margin: 0px; padding: 0px; border: 0px; vertical-align: baseline; background: transparent; outline: none !important;\"><p style=\"margin-right: 0px; margin-bottom: 50px; margin-left: 0px; padding: 0px; border: 0px; vertical-align: baseline; background: transparent; font-size: 19px; color: #505050; line-height: 34px; outline: none !important;\"><span style=\"font-style: italic;\">\u201cChina continues to prop up the Maduro regime, along with Cuba, Russia and Iran. Why? It\u2019s pretty simple. Venezuela, before the tyranny of Hugo Chavez and Maduro, was an economic hub with huge reserves of oil and other natural resources. It can become that again and China wants in on the ground floor.\u201d<\/span><\/p><\/div><\/div><\/div><\/div><\/div><\/div><\/div><\/div><\/div><\/div>\t\t\t\t\t\t\t\t<\/div>\n\t\t\t\t<\/div>\n\t\t\t\t<div class=\"elementor-element elementor-element-3400061 elementor-widget__width-initial elementor-widget elementor-widget-text-editor\" data-id=\"3400061\" data-element_type=\"widget\" data-widget_type=\"text-editor.default\">\n\t\t\t\t<div class=\"elementor-widget-container\">\n\t\t\t\t\t\t\t\t\t<div><div><div><div><div style=\"margin: 0px 0px 35px; padding: 0px; border: 0px; vertical-align: baseline; background: transparent; color: #000000; font-size: 12px; outline: none !important;\"><div style=\"margin: 0px; padding: 0px; border: 0px; vertical-align: baseline; background: transparent; outline: none !important;\"><div style=\"margin: 0px 0px 35px; padding: 0px; border: 0px; vertical-align: baseline; background: transparent; outline: none !important;\"><div style=\"margin: 0px; padding: 0px; border: 0px; vertical-align: baseline; background: transparent; outline: none !important;\"><div style=\"margin: 0px 0px 35px; padding: 0px; border: 0px; vertical-align: baseline; background: transparent; outline: none !important;\"><div style=\"margin: 0px; padding: 0px; border: 0px; vertical-align: baseline; background: transparent; outline: none !important;\"><p style=\"margin-right: 0px; margin-bottom: 50px; margin-left: 0px; padding: 0px; border: 0px; vertical-align: baseline; background: transparent; font-size: 19px; color: #505050; line-height: 34px; outline: none !important;\">July showcased Venezuela at the center of an international front of so-called \u201cresistance countries\u201d as the VRIC promoted the Non-Aligned Movement summit and the 25th Foro de S\u00e3o Paulo Forum in Caracas. Meanwhile, military cooperation between Russia, Iran, and Venezuela, seems to be on the rise, as evidenced by joint military games held in Moscow in early August and joint calls by their respective national security advisors to increase international support for Maduro. Across the Caribbean, Nicaragua approved the entry of 160 Russian troops to train with their armed forces, namely the communications corps Blanca Stella Arauz Pineda, and the Nicaraguan Army\u2019s Search-and-Rescue (SAR) unit and special operations command.<\/p><p>\u00a0<\/p><p style=\"margin-right: 0px; margin-bottom: 50px; margin-left: 0px; padding: 0px; border: 0px; vertical-align: baseline; background: transparent; font-size: 19px; color: #505050; line-height: 34px; outline: none !important;\">The coming election cycle in South America is critical for VRIC regional influence. The potential re-election of Evo Morales in Bolivia and the possible return to power of Cristina Fern\u00e1ndez de Kirchner in Argentina will provide the VRIC tremendous momentum heading into 2020. The recent election primary results in Argentina suggest this opportunity may become a reality.<\/p><\/div><\/div><\/div><\/div><\/div><\/div><\/div><\/div><\/div><\/div>\t\t\t\t\t\t\t\t<\/div>\n\t\t\t\t<\/div>\n\t\t\t\t<div class=\"elementor-element elementor-element-47614de elementor-widget__width-initial elementor-widget elementor-widget-image\" data-id=\"47614de\" data-element_type=\"widget\" data-widget_type=\"image.default\">\n\t\t\t\t<div class=\"elementor-widget-container\">\n\t\t\t\t\t\t\t\t\t\t\t\t\t\t\t<img decoding=\"async\" width=\"1536\" height=\"640\" src=\"https:\/\/vric.securefreesociety.org\/wp-content\/uploads\/2021\/09\/venezuelacovermonitor-1-1536x640-1.webp\" class=\"attachment-full size-full wp-image-3850\" alt=\"\" srcset=\"https:\/\/vric.securefreesociety.org\/wp-content\/uploads\/2021\/09\/venezuelacovermonitor-1-1536x640-1.webp 1536w, https:\/\/vric.securefreesociety.org\/wp-content\/uploads\/2021\/09\/venezuelacovermonitor-1-1536x640-1-300x125.webp 300w, https:\/\/vric.securefreesociety.org\/wp-content\/uploads\/2021\/09\/venezuelacovermonitor-1-1536x640-1-1024x427.webp 1024w, https:\/\/vric.securefreesociety.org\/wp-content\/uploads\/2021\/09\/venezuelacovermonitor-1-1536x640-1-768x320.webp 768w\" sizes=\"(max-width: 1536px) 100vw, 1536px\" \/>\t\t\t\t\t\t\t\t\t\t\t\t\t\t\t<\/div>\n\t\t\t\t<\/div>\n\t\t\t\t<div class=\"elementor-element elementor-element-efd6b5f elementor-widget__width-initial elementor-widget elementor-widget-text-editor\" data-id=\"efd6b5f\" data-element_type=\"widget\" data-widget_type=\"text-editor.default\">\n\t\t\t\t<div class=\"elementor-widget-container\">\n\t\t\t\t\t\t\t\t\t<div><div><div><div><div><div><div><div><div><div><div style=\"margin: 0px 0px 35px; padding: 0px; border: 0px; vertical-align: baseline; background: transparent; outline: none !important;\"><div style=\"margin: 0px; padding: 0px; border: 0px; vertical-align: baseline; background: transparent; outline: none !important;\"><p style=\"margin-right: 0px; margin-bottom: 50px; margin-left: 0px; padding: 0px; border: 0px; vertical-align: baseline; background: transparent; line-height: 34px; outline: none !important;\">The Trump administration has increased the economic pressure against the Maduro regime, who is increasingly turning to its VRIC allies for strategic support. Russia is aiding Venezuela\u2019s illicit gold trade by providing airliners to export the gold, which finds its way to a Ugandan refinery before vanishing. Iran\u2019s Foreign Minister Mohammad Javad Zarif recently visited Venezuela in mid-July for the Non-Aligned Movement summit in the midst of heightened tensions with the United Kingdom and the United States. The three countries (Russia, Iran, and Venezuela) recently engaged in a military tank <em>\u201cbiathlon\u201d<\/em> competition in Moscow that some analysts call <em>\u201cthe blending of sport, warfare, soft power, and spectacle.\u201d\u00a0<\/em><\/p><p>\u00a0<\/p><p style=\"margin-right: 0px; margin-bottom: 50px; margin-left: 0px; padding: 0px; border: 0px; vertical-align: baseline; background: transparent; line-height: 34px; outline: none !important;\">Meanwhile, Nicol\u00e1s Maduro recently withdrew from failed negotiations in Barbados\u00a0after the U.S. issued new sanctions blocking any U.S. person or entity from doing business with the Maduro regime. This comes after a serious\u00a0provocation\u00a0when the Venezuelan Air Force \u201caggressively shadowed\u201d a U.S. intelligence aircraft performing a reconnaissance mission off the Caribbean coast.\u00a0<br style=\"outline: none !important;\" \/><br style=\"outline: none !important;\" \/>The crisis in Venezuela is gradually growing in international scope reflected by the\u00a0<a style=\"color: #007bff; background-image: initial; background-position: initial; background-size: initial; background-repeat: initial; background-attachment: initial; background-origin: initial; background-clip: initial; margin: 0px; padding: 0px; border: 0px; vertical-align: baseline; transition: all 0.3s ease-out 0s; outline: none !important;\" href=\"https:\/\/www.infobae.com\/america\/venezuela\/2019\/08\/05\/mas-de-60-delegaciones-confirmaron-su-presencia-en-la-conferencia-internacional-por-la-democracia-en-venezuela\/\">59 nations<\/a> that sent delegations to the August 6th Lima Group meeting in Peru, to include Morocco, Israel, and South Korea. Boasting his own regional alliance, the Maduro regime spent at least $200 million to host his allies in Caracas in late July for the 25th Foro de S\u00e3o Paulo (FSP) Forum, a gathering of Communist, Marxist, and Socialist political parties from throughout Latin America.<\/p><p>\u00a0<\/p><p style=\"margin-right: 0px; margin-bottom: 50px; margin-left: 0px; padding: 0px; border: 0px; vertical-align: baseline; background: transparent; line-height: 34px; outline: none !important;\">Among the many goals of the FSP, as stated in its\u00a0<a style=\"color: #007bff; background-image: initial; background-position: initial; background-size: initial; background-repeat: initial; background-attachment: initial; background-origin: initial; background-clip: initial; margin: 0px; padding: 0px; border: 0px; vertical-align: baseline; transition: all 0.3s ease-out 0s; outline: none !important;\" href=\"http:\/\/vtv.gob.ve\/declaracion-final-xxv-foro-sao-paulo\/\">official declaration<\/a>, is the reelection of Evo Morales in Bolivia and the return to power of Cristina Fern\u00e1ndez de Kirchner in Argentina. The results of the Argentine election primary in August heavily favored Alberto Fern\u00e1ndez, whose running mate is the former president Cristina Fern\u00e1ndez de Kirchner, while Evo Morales leads his closest opposition candidate in Bolivia by 11 points. The Argentina election, along with that of Uruguay, will be held on October 27th and the Bolivia election earlier on October 20th.\u00a0<\/p><p>\u00a0<\/p><p style=\"margin-right: 0px; margin-bottom: 50px; margin-left: 0px; padding: 0px; border: 0px; vertical-align: baseline; background: transparent; line-height: 34px; outline: none !important;\">This election period in South America is pivotal as several countries in the continent plunge into a political crisis. Paraguay was recently engulfed in a political storm over a secret energy deal with Brazil, which almost resulted in the impeachment of its president. Peru\u2019s president has called on its Congress to advance elections to next year. Hanging in the balance, Bolivia\u2019s Evo Morales seeks to capitalize on this political instability by making headway on the Port of Ilo project with Peru, and a new binational cabinet with Paraguay. This strategic alliance between Peru-Bolivia-Paraguay is aimed at building a bi-oceanic railway and waterway connecting the Atlantic to the Pacific.\u00a0<\/p><p>\u00a0<\/p><p style=\"margin-right: 0px; margin-bottom: 50px; margin-left: 0px; padding: 0px; border: 0px; vertical-align: baseline; background: transparent; line-height: 34px; outline: none !important;\"><strong style=\"font-weight: bold; margin: 0px; padding: 0px; border: 0px; vertical-align: baseline; background: transparent; outline: none !important;\">VENEZUELA AID TRACKER<\/strong><\/p><table style=\"margin: 0px 0px 1em; padding: 0px; border: 1px solid #e7e7e7; vertical-align: baseline; background-image: initial; background-position: initial; background-size: initial; background-repeat: initial; background-attachment: initial; background-origin: initial; background-clip: initial; width: 870px; color: #000000; font-size: 12px; outline: none !important;\"><tbody style=\"margin: 0px; padding: 0px; border: 0px; vertical-align: baseline; background: transparent; outline: none !important;\"><tr style=\"margin: 0px; padding: 0px; border: 0px; vertical-align: baseline; background: transparent; outline: none !important;\"><td style=\"margin: 0px; vertical-align: baseline; background: transparent; word-break: normal; outline: none !important;\"><strong style=\"font-weight: bold; margin: 0px; padding: 0px; border: 0px; vertical-align: baseline; background: transparent; outline: none !important;\">\u00a0<a style=\"color: #007bff; background-image: initial; background-position: initial; background-size: initial; background-repeat: initial; background-attachment: initial; background-origin: initial; background-clip: initial; margin: 0px; padding: 0px; border: 0px; vertical-align: baseline; transition: all 0.3s ease-out 0s; outline: none !important;\" href=\"https:\/\/www.usaid.gov\/news-information\/press-releases\/feb-25-2019-united-states-provides-additional-humanitarian-aid-venezuelans\">United States<\/a>\u00a0\u00a0<\/strong><\/td><td style=\"margin: 0px; vertical-align: baseline; background: transparent; word-break: normal; outline: none !important;\"><strong style=\"font-weight: bold; margin: 0px; padding: 0px; border: 0px; vertical-align: baseline; background: transparent; outline: none !important;\">\u00a0$76 million dollars<\/strong><\/td><\/tr><tr style=\"margin: 0px; padding: 0px; border: 0px; vertical-align: baseline; background: transparent; outline: none !important;\"><td style=\"margin: 0px; vertical-align: baseline; background: transparent; word-break: normal; outline: none !important;\"><strong style=\"font-weight: bold; margin: 0px; padding: 0px; border: 0px; vertical-align: baseline; background: transparent; outline: none !important;\">\u00a0<a style=\"color: #007bff; background-image: initial; background-position: initial; background-size: initial; background-repeat: initial; background-attachment: initial; background-origin: initial; background-clip: initial; margin: 0px; padding: 0px; border: 0px; vertical-align: baseline; transition: all 0.3s ease-out 0s; outline: none !important;\" href=\"https:\/\/cancilleria.gob.ar\/en\/announcements\/news\/support-reconstruction-venezuela-unit-created-foreign-ministry\">Argentina<\/a><\/strong><\/td><td style=\"margin: 0px; vertical-align: baseline; background: transparent; word-break: normal; outline: none !important;\"><strong style=\"font-weight: bold; margin: 0px; padding: 0px; border: 0px; vertical-align: baseline; background: transparent; outline: none !important;\">\u00a0Help unit<\/strong><\/td><\/tr><tr style=\"margin: 0px; padding: 0px; border: 0px; vertical-align: baseline; background: transparent; outline: none !important;\"><td style=\"margin: 0px; vertical-align: baseline; background: transparent; word-break: normal; outline: none !important;\"><strong style=\"font-weight: bold; margin: 0px; padding: 0px; border: 0px; vertical-align: baseline; background: transparent; outline: none !important;\">\u00a0<a style=\"color: #007bff; background-image: initial; background-position: initial; background-size: initial; background-repeat: initial; background-attachment: initial; background-origin: initial; background-clip: initial; margin: 0px; padding: 0px; border: 0px; vertical-align: baseline; transition: all 0.3s ease-out 0s; outline: none !important;\" href=\"https:\/\/www.elpais.com.co\/mundo\/canada-anuncia-39-millones-de-dolares-en-ayudas-humanitarias-para-venezuela.html\">Canada<\/a><\/strong><\/td><td style=\"margin: 0px; vertical-align: baseline; background: transparent; word-break: normal; outline: none !important;\"><strong style=\"font-weight: bold; margin: 0px; padding: 0px; border: 0px; vertical-align: baseline; background: transparent; outline: none !important;\">\u00a0$39 million dollars<\/strong><\/td><\/tr><tr style=\"margin: 0px; padding: 0px; border: 0px; vertical-align: baseline; background: transparent; outline: none !important;\"><td style=\"margin: 0px; vertical-align: baseline; background: transparent; word-break: normal; outline: none !important;\"><strong style=\"font-weight: bold; margin: 0px; padding: 0px; border: 0px; vertical-align: baseline; background: transparent; outline: none !important;\">\u00a0<a style=\"color: #007bff; background-image: initial; background-position: initial; background-size: initial; background-repeat: initial; background-attachment: initial; background-origin: initial; background-clip: initial; margin: 0px; padding: 0px; border: 0px; vertical-align: baseline; transition: all 0.3s ease-out 0s; outline: none !important;\" href=\"http:\/\/www.t13.cl\/noticia\/mundo\/chile-prepara-17-toneladas-ayuda-humanitaria-venezuela\">Chile<\/a><\/strong><\/td><td style=\"margin: 0px; vertical-align: baseline; background: transparent; word-break: normal; outline: none !important;\"><strong style=\"font-weight: bold; margin: 0px; padding: 0px; border: 0px; vertical-align: baseline; background: transparent; outline: none !important;\">\u00a017 tons of food &amp; medical supplies<\/strong><\/td><\/tr><tr style=\"margin: 0px; padding: 0px; border: 0px; vertical-align: baseline; background: transparent; outline: none !important;\"><td style=\"margin: 0px; vertical-align: baseline; background: transparent; word-break: normal; outline: none !important;\"><strong style=\"font-weight: bold; margin: 0px; padding: 0px; border: 0px; vertical-align: baseline; background: transparent; outline: none !important;\">\u00a0<a style=\"color: #007bff; background-image: initial; background-position: initial; background-size: initial; background-repeat: initial; background-attachment: initial; background-origin: initial; background-clip: initial; margin: 0px; padding: 0px; border: 0px; vertical-align: baseline; transition: all 0.3s ease-out 0s; outline: none !important;\" href=\"https:\/\/www.elespectador.com\/noticias\/el-mundo\/china-envia-tercer-avion-con-ayuda-tecnica-humanitaria-venezuela-articulo-861148\">China<\/a><\/strong><\/td><td style=\"margin: 0px; vertical-align: baseline; background: transparent; word-break: normal; outline: none !important;\"><strong style=\"font-weight: bold; margin: 0px; padding: 0px; border: 0px; vertical-align: baseline; background: transparent; outline: none !important;\">\u00a0200 tons of medicine &amp; supplies<\/strong><\/td><\/tr><tr style=\"margin: 0px; padding: 0px; border: 0px; vertical-align: baseline; background: transparent; outline: none !important;\"><td style=\"margin: 0px; vertical-align: baseline; background: transparent; word-break: normal; outline: none !important;\"><strong style=\"font-weight: bold; margin: 0px; padding: 0px; border: 0px; vertical-align: baseline; background: transparent; outline: none !important;\">\u00a0<a style=\"color: #007bff; background-image: initial; background-position: initial; background-size: initial; background-repeat: initial; background-attachment: initial; background-origin: initial; background-clip: initial; margin: 0px; padding: 0px; border: 0px; vertical-align: baseline; transition: all 0.3s ease-out 0s; outline: none !important;\" href=\"https:\/\/www.telesurenglish.net\/news\/Cuba-Turkey-to-Attend-Venezuelas-Transplant-Patients-20190702-0017.html\">Cuba<\/a><\/strong><\/td><td style=\"margin: 0px; vertical-align: baseline; background: transparent; word-break: normal; outline: none !important;\"><strong style=\"font-weight: bold; margin: 0px; padding: 0px; border: 0px; vertical-align: baseline; background: transparent; outline: none !important;\">\u00a0Medical aid to transplant patients<\/strong><\/td><\/tr><tr style=\"margin: 0px; padding: 0px; border: 0px; vertical-align: baseline; background: transparent; outline: none !important;\"><td style=\"margin: 0px; vertical-align: baseline; background: transparent; word-break: normal; outline: none !important;\"><strong style=\"font-weight: bold; margin: 0px; padding: 0px; border: 0px; vertical-align: baseline; background: transparent; outline: none !important;\">\u00a0<a style=\"color: #007bff; background-image: initial; background-position: initial; background-size: initial; background-repeat: initial; background-attachment: initial; background-origin: initial; background-clip: initial; margin: 0px; padding: 0px; border: 0px; vertical-align: baseline; transition: all 0.3s ease-out 0s; outline: none !important;\" href=\"https:\/\/publimetro.pe\/actualidad\/noticia-venezuela-union-europea-ayuda-humanitaria-no-debe-politizada-nndc-98148\">EU<\/a><\/strong><\/td><td style=\"margin: 0px; vertical-align: baseline; background: transparent; word-break: normal; outline: none !important;\"><strong style=\"font-weight: bold; margin: 0px; padding: 0px; border: 0px; vertical-align: baseline; background: transparent; outline: none !important;\">\u00a0\u20ac65 million euros<\/strong><\/td><\/tr><tr style=\"margin: 0px; padding: 0px; border: 0px; vertical-align: baseline; background: transparent; outline: none !important;\"><td style=\"margin: 0px; vertical-align: baseline; background: transparent; word-break: normal; outline: none !important;\"><strong style=\"font-weight: bold; margin: 0px; padding: 0px; border: 0px; vertical-align: baseline; background: transparent; outline: none !important;\">\u00a0<a style=\"color: #007bff; background-image: initial; background-position: initial; background-size: initial; background-repeat: initial; background-attachment: initial; background-origin: initial; background-clip: initial; margin: 0px; padding: 0px; border: 0px; vertical-align: baseline; transition: all 0.3s ease-out 0s; outline: none !important;\" href=\"http:\/\/www.caraotadigital.net\/internacionales\/alemania-ayuda-humanitaria-venezuela\/\">Germany<\/a><\/strong><\/td><td style=\"margin: 0px; vertical-align: baseline; background: transparent; word-break: normal; outline: none !important;\"><strong style=\"font-weight: bold; margin: 0px; padding: 0px; border: 0px; vertical-align: baseline; background: transparent; outline: none !important;\">\u00a0\u20ac5 million euros<\/strong><\/td><\/tr><tr style=\"margin: 0px; padding: 0px; border: 0px; vertical-align: baseline; background: transparent; outline: none !important;\"><td style=\"margin: 0px; vertical-align: baseline; background: transparent; word-break: normal; outline: none !important;\"><strong style=\"font-weight: bold; margin: 0px; padding: 0px; border: 0px; vertical-align: baseline; background: transparent; outline: none !important;\">\u00a0<a style=\"color: #007bff; background-image: initial; background-position: initial; background-size: initial; background-repeat: initial; background-attachment: initial; background-origin: initial; background-clip: initial; margin: 0px; padding: 0px; border: 0px; vertical-align: baseline; transition: all 0.3s ease-out 0s; outline: none !important;\" href=\"https:\/\/www.tasnimnews.com\/en\/news\/2019\/02\/24\/1954928\/iran-ready-to-send-medical-aid-to-venezuela\">Iran<\/a><\/strong><\/td><td style=\"margin: 0px; vertical-align: baseline; background: transparent; word-break: normal; outline: none !important;\"><strong style=\"font-weight: bold; margin: 0px; padding: 0px; border: 0px; vertical-align: baseline; background: transparent; outline: none !important;\">\u00a0Unspecified pledge &amp; medical aid<\/strong><\/td><\/tr><tr style=\"margin: 0px; padding: 0px; border: 0px; vertical-align: baseline; background: transparent; outline: none !important;\"><td style=\"margin: 0px; vertical-align: baseline; background: transparent; word-break: normal; outline: none !important;\"><strong style=\"font-weight: bold; margin: 0px; padding: 0px; border: 0px; vertical-align: baseline; background: transparent; outline: none !important;\">\u00a0<a style=\"color: #007bff; background-image: initial; background-position: initial; background-size: initial; background-repeat: initial; background-attachment: initial; background-origin: initial; background-clip: initial; margin: 0px; padding: 0px; border: 0px; vertical-align: baseline; transition: all 0.3s ease-out 0s; outline: none !important;\" href=\"http:\/\/puntodecorte.com\/italia-dos-millones-venezuela\/\">Italy<\/a><\/strong><\/td><td style=\"margin: 0px; vertical-align: baseline; background: transparent; word-break: normal; outline: none !important;\"><strong style=\"font-weight: bold; margin: 0px; padding: 0px; border: 0px; vertical-align: baseline; background: transparent; outline: none !important;\">\u00a0\u20ac2 million euros &amp; medical aid to transplant patients\u00a0 \u00a0<\/strong><\/td><\/tr><tr style=\"margin: 0px; padding: 0px; border: 0px; vertical-align: baseline; background: transparent; outline: none !important;\"><td style=\"margin: 0px; vertical-align: baseline; background: transparent; word-break: normal; outline: none !important;\"><strong style=\"font-weight: bold; margin: 0px; padding: 0px; border: 0px; vertical-align: baseline; background: transparent; outline: none !important;\">\u00a0<a style=\"color: #007bff; background-image: initial; background-position: initial; background-size: initial; background-repeat: initial; background-attachment: initial; background-origin: initial; background-clip: initial; margin: 0px; padding: 0px; border: 0px; vertical-align: baseline; transition: all 0.3s ease-out 0s; outline: none !important;\" href=\"https:\/\/www.newshub.co.nz\/home\/world\/2019\/02\/new-zealand-gives-500k-in-humanitarian-aid-to-venezuela-crisis.html\">New Zealand<\/a><\/strong><\/td><td style=\"margin: 0px; vertical-align: baseline; background: transparent; word-break: normal; outline: none !important;\"><strong style=\"font-weight: bold; margin: 0px; padding: 0px; border: 0px; vertical-align: baseline; background: transparent; outline: none !important;\">\u00a0$500,000 dollars<\/strong><\/td><\/tr><tr style=\"margin: 0px; padding: 0px; border: 0px; vertical-align: baseline; background: transparent; outline: none !important;\"><td style=\"margin: 0px; vertical-align: baseline; background: transparent; word-break: normal; outline: none !important;\"><strong style=\"font-weight: bold; margin: 0px; padding: 0px; border: 0px; vertical-align: baseline; background: transparent; outline: none !important;\">\u00a0<a style=\"color: #007bff; background-image: initial; background-position: initial; background-size: initial; background-repeat: initial; background-attachment: initial; background-origin: initial; background-clip: initial; margin: 0px; padding: 0px; border: 0px; vertical-align: baseline; transition: all 0.3s ease-out 0s; outline: none !important;\" href=\"https:\/\/www.al-monitor.com\/pulse\/originals\/2019\/03\/palestine-cause-venezuela-support-maduro-medical-delegation.html\">Palestine<\/a><\/strong><\/td><td style=\"margin: 0px; vertical-align: baseline; background: transparent; word-break: normal; outline: none !important;\"><strong style=\"font-weight: bold; margin: 0px; padding: 0px; border: 0px; vertical-align: baseline; background: transparent; outline: none !important;\">\u00a0Surgical team<\/strong><\/td><\/tr><tr style=\"margin: 0px; padding: 0px; border: 0px; vertical-align: baseline; background: transparent; outline: none !important;\"><td style=\"margin: 0px; vertical-align: baseline; background: transparent; word-break: normal; outline: none !important;\"><strong style=\"font-weight: bold; margin: 0px; padding: 0px; border: 0px; vertical-align: baseline; background: transparent; outline: none !important;\">\u00a0<a style=\"color: #007bff; background-image: initial; background-position: initial; background-size: initial; background-repeat: initial; background-attachment: initial; background-origin: initial; background-clip: initial; margin: 0px; padding: 0px; border: 0px; vertical-align: baseline; transition: all 0.3s ease-out 0s; outline: none !important;\" href=\"https:\/\/www.diariolasamericas.com\/america-latina\/llegan-venezuela-99-militares-rusos-35-toneladas-cargamento-n4174309\">Russia<\/a><\/strong><\/td><td style=\"margin: 0px; vertical-align: baseline; background: transparent; word-break: normal; outline: none !important;\"><strong style=\"font-weight: bold; margin: 0px; padding: 0px; border: 0px; vertical-align: baseline; background: transparent; outline: none !important;\">\u00a0335 tons of food &amp; medical supplies<\/strong><\/td><\/tr><tr style=\"margin: 0px; padding: 0px; border: 0px; vertical-align: baseline; background: transparent; outline: none !important;\"><td style=\"margin: 0px; vertical-align: baseline; background: transparent; word-break: normal; outline: none !important;\"><strong style=\"font-weight: bold; margin: 0px; padding: 0px; border: 0px; vertical-align: baseline; background: transparent; outline: none !important;\">\u00a0<a style=\"color: #007bff; background-image: initial; background-position: initial; background-size: initial; background-repeat: initial; background-attachment: initial; background-origin: initial; background-clip: initial; margin: 0px; padding: 0px; border: 0px; vertical-align: baseline; transition: all 0.3s ease-out 0s; outline: none !important;\" href=\"https:\/\/www.eldiario.es\/sociedad\/Espana-destinara-millones-humanitaria-Venezuela_0_868263403.html\">Spain<\/a><\/strong><\/td><td style=\"margin: 0px; vertical-align: baseline; background: transparent; word-break: normal; outline: none !important;\"><strong style=\"font-weight: bold; margin: 0px; padding: 0px; border: 0px; vertical-align: baseline; background: transparent; outline: none !important;\">\u00a0\u20ac2 million euros<\/strong><\/td><\/tr><tr style=\"margin: 0px; padding: 0px; border: 0px; vertical-align: baseline; background: transparent; outline: none !important;\"><td style=\"margin: 0px; vertical-align: baseline; background: transparent; word-break: normal; outline: none !important;\"><strong style=\"font-weight: bold; margin: 0px; padding: 0px; border: 0px; vertical-align: baseline; background: transparent; outline: none !important;\">\u00a0<a style=\"color: #007bff; background-image: initial; background-position: initial; background-size: initial; background-repeat: initial; background-attachment: initial; background-origin: initial; background-clip: initial; margin: 0px; padding: 0px; border: 0px; vertical-align: baseline; transition: all 0.3s ease-out 0s; outline: none !important;\" href=\"https:\/\/sverigesradio.se\/sida\/artikel.aspx?programid=2054&amp;artikel=7146710\">Sweden<\/a><\/strong><\/td><td style=\"margin: 0px; vertical-align: baseline; background: transparent; word-break: normal; outline: none !important;\"><strong style=\"font-weight: bold; margin: 0px; padding: 0px; border: 0px; vertical-align: baseline; background: transparent; outline: none !important;\">\u00a0$7 million dollars<\/strong><\/td><\/tr><tr style=\"margin: 0px; padding: 0px; border: 0px; vertical-align: baseline; background: transparent; outline: none !important;\"><td style=\"margin: 0px; vertical-align: baseline; background: transparent; word-break: normal; outline: none !important;\"><strong style=\"font-weight: bold; margin: 0px; padding: 0px; border: 0px; vertical-align: baseline; background: transparent; outline: none !important;\">\u00a0<a style=\"color: #007bff; background-image: initial; background-position: initial; background-size: initial; background-repeat: initial; background-attachment: initial; background-origin: initial; background-clip: initial; margin: 0px; padding: 0px; border: 0px; vertical-align: baseline; transition: all 0.3s ease-out 0s; outline: none !important;\" href=\"http:\/\/www.ntn24.com\/america-latina\/venezuela\/taiwan-donara-500-mil-dolares-para-ayuda-humanitaria-en-venezuela-104004\">Taiwan<\/a><\/strong><\/td><td style=\"margin: 0px; vertical-align: baseline; background: transparent; word-break: normal; outline: none !important;\"><strong style=\"font-weight: bold; margin: 0px; padding: 0px; border: 0px; vertical-align: baseline; background: transparent; outline: none !important;\">\u00a0$500,000 dollars<\/strong><\/td><\/tr><tr style=\"margin: 0px; padding: 0px; border: 0px; vertical-align: baseline; background: transparent; outline: none !important;\"><td style=\"margin: 0px; vertical-align: baseline; background: transparent; word-break: normal; outline: none !important;\"><strong style=\"font-weight: bold; margin: 0px; padding: 0px; border: 0px; vertical-align: baseline; background: transparent; outline: none !important;\">\u00a0<a style=\"color: #007bff; background-image: initial; background-position: initial; background-size: initial; background-repeat: initial; background-attachment: initial; background-origin: initial; background-clip: initial; margin: 0px; padding: 0px; border: 0px; vertical-align: baseline; transition: all 0.3s ease-out 0s; outline: none !important;\" href=\"https:\/\/www.telesurenglish.net\/news\/Cuba-Turkey-to-Attend-Venezuelas-Transplant-Patients-20190702-0017.html\">Turkey<\/a><\/strong><\/td><td style=\"margin: 0px; vertical-align: baseline; background: transparent; word-break: normal; outline: none !important;\"><strong style=\"font-weight: bold; margin: 0px; padding: 0px; border: 0px; vertical-align: baseline; background: transparent; outline: none !important;\">\u00a0Medical aid to transplant patients<\/strong><\/td><\/tr><tr style=\"margin: 0px; padding: 0px; border: 0px; vertical-align: baseline; background: transparent; outline: none !important;\"><td style=\"margin: 0px; vertical-align: baseline; background: transparent; word-break: normal; outline: none !important;\"><strong style=\"font-weight: bold; margin: 0px; padding: 0px; border: 0px; vertical-align: baseline; background: transparent; outline: none !important;\">\u00a0<a style=\"color: #007bff; background-image: initial; background-position: initial; background-size: initial; background-repeat: initial; background-attachment: initial; background-origin: initial; background-clip: initial; margin: 0px; padding: 0px; border: 0px; vertical-align: baseline; transition: all 0.3s ease-out 0s; outline: none !important;\" href=\"https:\/\/www.thenational.ae\/uae\/government\/uae-gives-dh10-million-worth-of-aid-for-venezuela-refugees-as-crisis-grips-nation-1.838420\">UAE<\/a><\/strong><\/td><td style=\"margin: 0px; vertical-align: baseline; background: transparent; word-break: normal; outline: none !important;\"><strong style=\"font-weight: bold; margin: 0px; padding: 0px; border: 0px; vertical-align: baseline; background: transparent; outline: none !important;\">\u00a0Dh10 million<\/strong><\/td><\/tr><tr style=\"margin: 0px; padding: 0px; border: 0px; vertical-align: baseline; background: transparent; outline: none !important;\"><td style=\"margin: 0px; vertical-align: baseline; background: transparent; word-break: normal; outline: none !important;\"><strong style=\"font-weight: bold; margin: 0px; padding: 0px; border: 0px; vertical-align: baseline; background: transparent; outline: none !important;\">\u00a0<a style=\"color: #007bff; background-image: initial; background-position: initial; background-size: initial; background-repeat: initial; background-attachment: initial; background-origin: initial; background-clip: initial; margin: 0px; padding: 0px; border: 0px; vertical-align: baseline; transition: all 0.3s ease-out 0s; outline: none !important;\" href=\"https:\/\/www.gov.uk\/government\/news\/uk-aid-to-provide-life-saving-assistance-for-venezuelans\">UK<\/a><\/strong><\/td><td style=\"margin: 0px; vertical-align: baseline; background: transparent; word-break: normal; outline: none !important;\"><strong style=\"font-weight: bold; margin: 0px; padding: 0px; border: 0px; vertical-align: baseline; background: transparent; outline: none !important;\">\u00a0\u00a36.5 million pounds<\/strong><\/td><\/tr><\/tbody><\/table><ul style=\"margin-right: 0px; margin-left: 0px; padding: 0px; list-style: square; color: #000000; font-size: 12px; outline-style: none !important; outline-width: initial !important;\"><li style=\"margin-right: 0px; margin-bottom: 40px; margin-left: 0px; padding: 0px 0px 0px 40px; list-style: none; position: relative; font-size: 19px; color: #505050; line-height: 34px; outline-style: none !important; outline-width: initial !important;\">Crews from 22 countries took part in a tank \u201cbiathlon\u201d competition near Moscow that was part of a Russian international military competition called the \u201cArmy Games.\u201d It was the fifth annual competition the country has held, and several nations \u2014 some neutral or allied to Russia \u2014 turned up for the event. Syria, which is currently in its eighth year of civil war, participated in the event as well as Venezuela, Mongolia, Kazakhstan, and Iran. \u2013\u00a0<a style=\"color: #007bff; background-image: initial; background-position: initial; background-size: initial; background-repeat: initial; background-attachment: initial; background-origin: initial; background-clip: initial; margin: 0px; padding: 0px; border: 0px; vertical-align: baseline; transition: all 0.3s ease-out 0s; outline: none !important;\" href=\"https:\/\/www.euronews.com\/2019\/08\/08\/syria-iran-and-venezuela-take-part-in-russian-tank-biathlon\">Euronews on 08-AUG<\/a><\/li><li style=\"margin-right: 0px; margin-bottom: 40px; margin-left: 0px; padding: 0px 0px 0px 40px; list-style: none; position: relative; font-size: 19px; color: #505050; line-height: 34px; outline-style: none !important; outline-width: initial !important;\">The Trump administration has frozen all Venezuelan government assets in a dramatic escalation of tensions with Nicol\u00e1s Maduro. The ban places Maduro\u2019s socialist administration alongside a short list of adversaries from Cuba, North Korea, Syria, and Iran that have been targeted by U.S. actions. \u2013\u00a0<a style=\"color: #007bff; background-image: initial; background-position: initial; background-size: initial; background-repeat: initial; background-attachment: initial; background-origin: initial; background-clip: initial; margin: 0px; padding: 0px; border: 0px; vertical-align: baseline; transition: all 0.3s ease-out 0s; outline: none !important;\" href=\"https:\/\/apnews.com\/6f65790a367d45428f781fb9436e32ca\">The Associated Press on 06-AUG<\/a><\/li><li style=\"margin-right: 0px; margin-bottom: 40px; margin-left: 0px; padding: 0px 0px 0px 40px; list-style: none; position: relative; font-size: 19px; color: #505050; line-height: 34px; outline-style: none !important; outline-width: initial !important;\">As Venezuela collapses into an economic depression like few seen in the last century, the isolated government of Nicol\u00e1s Maduro still has one cash cow left: Gold. As a result, the country\u2019s gold production is rising dramatically \u2014 and shipments of the metal are being smuggled, often through neighboring Colombia, into one of the world\u2019s largest markets for gold: Miami. \u2013\u00a0<a style=\"color: #007bff; background-image: initial; background-position: initial; background-size: initial; background-repeat: initial; background-attachment: initial; background-origin: initial; background-clip: initial; margin: 0px; padding: 0px; border: 0px; vertical-align: baseline; transition: all 0.3s ease-out 0s; outline: none !important;\" href=\"https:\/\/www.miamiherald.com\/news\/nation-world\/world\/americas\/venezuela\/article230669164.html\">Miami Herald on 23-JULY<\/a><\/li><li style=\"margin-right: 0px; margin-bottom: 40px; margin-left: 0px; padding: 0px 0px 0px 40px; list-style: none; position: relative; font-size: 19px; color: #505050; line-height: 34px; outline-style: none !important; outline-width: initial !important;\">Despite the chaos in Venezuela, Caracas will host this year\u2019s meeting of the Sao Paulo Forum \u2014 an event which will bring together hundreds of socialists and communists who support the Maduro dictatorship \u2014 at a cost to Venezuela of at least $200 million, and will be held within days of a new national blackout that has left the country in the dark. \u2013\u00a0<a style=\"color: #007bff; background-image: initial; background-position: initial; background-size: initial; background-repeat: initial; background-attachment: initial; background-origin: initial; background-clip: initial; margin: 0px; padding: 0px; border: 0px; vertical-align: baseline; transition: all 0.3s ease-out 0s; outline: none !important;\" href=\"https:\/\/panampost.com\/sabrina-martin\/2019\/07\/23\/as-venezuelans-starve-maduro-spends-200-million-to-host-sao-paulo-forum\/?cn-reloaded=1\">PanAm Post on 23-JULY<\/a><\/li><li style=\"margin-right: 0px; margin-bottom: 40px; margin-left: 0px; padding: 0px 0px 0px 40px; list-style: none; position: relative; font-size: 19px; color: #505050; line-height: 34px; outline-style: none !important; outline-width: initial !important;\">Iranian state media reports that Iranian Foreign Minister Mohammad Javad Zarif was in the Venezuelan capital to attend talks with Nicol\u00e1s Maduro where the two sides exchanged views on bilateral ties. Earlier in the day, the Iranian minister also met with Venezuelan Vice President Delcy Rodr\u00edguez. Zarif is slated to take part in the Ministerial Meeting of the Non-Aligned Movement (NAM) Coordinating Bureau (CoB) to be held in Caracas, from July 20-21\u00a0under the theme, \u201cPromotion and Consolidation of Peace through Respect for International Law.\u201d He will also meet with a host of Venezuelan officials before making a visit to Nicaragua and Bolivia. \u2013\u00a0<a style=\"color: #007bff; background-image: initial; background-position: initial; background-size: initial; background-repeat: initial; background-attachment: initial; background-origin: initial; background-clip: initial; margin: 0px; padding: 0px; border: 0px; vertical-align: baseline; transition: all 0.3s ease-out 0s; outline: none !important;\" href=\"https:\/\/en.mehrnews.com\/news\/147863\/Zarif-Maduro-hold-talks-in-Caracas\">Mehr News on 21-JULY<\/a><\/li><li style=\"margin-right: 0px; margin-bottom: 40px; margin-left: 0px; padding: 0px 0px 0px 40px; list-style: none; position: relative; font-size: 19px; color: #505050; line-height: 34px; outline-style: none !important; outline-width: initial !important;\">The U.S. military rejected Venezuela\u2019s claim that a U.S. intelligence aircraft flew over the South American nation\u2019s airspace, saying the American jet was over international waters and had been \u201caggressively shadowed.\u201d The U.S. Southern Command said that the U.S. EP-3 \u201cwas performing a multi-nationally recognized &amp; approved\u201d mission when shadowed \u201cat an unsafe distance\u201d by a Venezuelan SU-30 Flanker, jeopardizing the crew and aircraft. \u2013\u00a0<a style=\"color: #007bff; background-image: initial; background-position: initial; background-size: initial; background-repeat: initial; background-attachment: initial; background-origin: initial; background-clip: initial; margin: 0px; padding: 0px; border: 0px; vertical-align: baseline; transition: all 0.3s ease-out 0s; outline: none !important;\" href=\"https:\/\/www.bloomberg.com\/news\/articles\/2019-07-20\/venezuela-claims-u-s-military-aircraft-violated-its-airspace\">Bloomberg on 20-JULY<\/a><\/li><li style=\"margin-right: 0px; margin-bottom: 40px; margin-left: 0px; padding: 0px 0px 0px 40px; list-style: none; position: relative; font-size: 19px; color: #505050; line-height: 34px; outline-style: none !important; outline-width: initial !important;\">According to U.S. indictments, former government officials, regional experts, officials linked to the Iran-backed militant group Hezbollah, and members of Maduro\u2019s government built a massive drug syndicate to become conspicuously wealthy\u2014 while most of the country increasingly struggled to find food to eat, or medicine to care for the sick. \u2013\u00a0<a style=\"color: #007bff; background-image: initial; background-position: initial; background-size: initial; background-repeat: initial; background-attachment: initial; background-origin: initial; background-clip: initial; margin: 0px; padding: 0px; border: 0px; vertical-align: baseline; transition: all 0.3s ease-out 0s; outline: none !important;\" href=\"https:\/\/finance.yahoo.com\/amphtml\/news\/venezuela-cocaine-aeroterror-hezbollah-iran-142154553.html\">Yahoo Finance on 10-JULY<\/a><\/li><li style=\"margin-right: 0px; margin-bottom: 40px; margin-left: 0px; padding: 0px 0px 0px 40px; list-style: none; position: relative; font-size: 19px; color: #505050; line-height: 34px; outline-style: none !important; outline-width: initial !important;\">With Venezuela in default on about $175 billion in foreign debt, the political opposition intends to begin restructuring debt payments to prevent creditors from seizing assets, but negotiations with creditors could fall apart as regime change efforts falter. \u2013\u00a0<a style=\"color: #007bff; background-image: initial; background-position: initial; background-size: initial; background-repeat: initial; background-attachment: initial; background-origin: initial; background-clip: initial; margin: 0px; padding: 0px; border: 0px; vertical-align: baseline; transition: all 0.3s ease-out 0s; outline: none !important;\" href=\"https:\/\/worldview.stratfor.com\/article\/venezuelas-opposition-stumbles-countrys-creditors-circle-maduro-guaido\">Stratfor on 28-JUNE<\/a><\/li><li style=\"margin-right: 0px; margin-bottom: 40px; margin-left: 0px; padding: 0px 0px 0px 40px; list-style: none; position: relative; font-size: 19px; color: #505050; line-height: 34px; outline-style: none !important; outline-width: initial !important;\">Officials in Colombia expressed \u201cconcern\u201d after Venezuelan forces illegally entered their territory during the June 22nd weekend in the eastern border region of Guain\u00eda. \u2013\u00a0<a style=\"color: #007bff; background-image: initial; background-position: initial; background-size: initial; background-repeat: initial; background-attachment: initial; background-origin: initial; background-clip: initial; margin: 0px; padding: 0px; border: 0px; vertical-align: baseline; transition: all 0.3s ease-out 0s; outline: none !important;\" href=\"https:\/\/www.breitbart.com\/national-security\/2019\/06\/26\/colombia-denounces-venezuelan-soldiers-illegal-border-crossing\/\">Breitbart on 26-JUNE<\/a><\/li><li style=\"margin-right: 0px; margin-bottom: 40px; margin-left: 0px; padding: 0px 0px 0px 40px; list-style: none; position: relative; font-size: 19px; color: #505050; line-height: 34px; outline-style: none !important; outline-width: initial !important;\">The regime of Nicol\u00e1s Maduro is selling off his country\u2019s gold reserves. Some of it has passed through a secretive operation in East Africa, a gambit that evades U.S. sanctions. \u2013\u00a0<a style=\"color: #007bff; background-image: initial; background-position: initial; background-size: initial; background-repeat: initial; background-attachment: initial; background-origin: initial; background-clip: initial; margin: 0px; padding: 0px; border: 0px; vertical-align: baseline; transition: all 0.3s ease-out 0s; outline: none !important;\" href=\"https:\/\/www.wsj.com\/articles\/how-7-4-tons-of-venezuelas-gold-landed-in-africaand-vanished-11560867792\">The Wall Street Journal on 18-JUNE<\/a><\/li><li style=\"margin-right: 0px; margin-bottom: 40px; margin-left: 0px; padding: 0px 0px 0px 40px; list-style: none; position: relative; font-size: 19px; color: #505050; line-height: 34px; outline-style: none !important; outline-width: initial !important;\">The Central Bank of Venezuela has printed new banknotes of 10,000; 20,000; and 50,000 bolivar denominations which began circulating June 13th. With their release, the financial institution aims \u201cto make the payment system more efficient and facilitate business transactions.\u201d \u2013\u00a0<a style=\"color: #007bff; background-image: initial; background-position: initial; background-size: initial; background-repeat: initial; background-attachment: initial; background-origin: initial; background-clip: initial; margin: 0px; padding: 0px; border: 0px; vertical-align: baseline; transition: all 0.3s ease-out 0s; outline: none !important;\" href=\"https:\/\/news.bitcoin.com\/venezuela-issues-50000-bolivar-bill-amid-persistent-hyperinflation\/\">Bitcoin on 14-JUNE<\/a><\/li><li style=\"margin-right: 0px; margin-bottom: 40px; margin-left: 0px; padding: 0px 0px 0px 40px; list-style: none; position: relative; font-size: 19px; color: #505050; line-height: 34px; outline-style: none !important; outline-width: initial !important;\">Pedro Mendoza, known as the \u201cRussian,\u201d because of military schooling in the country allied with the Maduro administration, reports having a lot of data on the influence of countries like Cuba, Russia, and China that are key in understanding the Venezuelan crisis. \u2013\u00a0<a style=\"color: #007bff; background-image: initial; background-position: initial; background-size: initial; background-repeat: initial; background-attachment: initial; background-origin: initial; background-clip: initial; margin: 0px; padding: 0px; border: 0px; vertical-align: baseline; transition: all 0.3s ease-out 0s; outline: none !important;\" href=\"https:\/\/www.voanoticias.com\/a\/venezuela-influencia-cuba-rusia-china\/4949744.html?nocache=1&amp;fbclid=IwAR0izTE1Y_B3HiPbX_LNnNwPKE9rSydy3P9jg_VURLCHBBHv0cHPS_Ke4B4\">VOA on 13-JUNE (content in Spanish)<\/a><\/li><li style=\"margin-right: 0px; margin-bottom: 40px; margin-left: 0px; padding: 0px 0px 0px 40px; list-style: none; position: relative; font-size: 19px; color: #505050; line-height: 34px; outline-style: none !important; outline-width: initial !important;\">Social media platform Twitter reported having eliminated multiple fake accounts which advanced propaganda from countries such as Iran, Russia, and Venezuela. \u2013\u00a0<a style=\"color: #007bff; background-image: initial; background-position: initial; background-size: initial; background-repeat: initial; background-attachment: initial; background-origin: initial; background-clip: initial; margin: 0px; padding: 0px; border: 0px; vertical-align: baseline; transition: all 0.3s ease-out 0s; outline: none !important;\" href=\"https:\/\/www.infobae.com\/america\/tecno\/2019\/06\/13\/twitter-elimino-miles-de-cuentas-vinculadas-a-los-regimenes-de-venezuela-iran-y-rusia-utilizadas-para-propaganda-y-manipulacion\/\">Infobae on 13-JUNE (content in Spanish)<\/a><\/li><li style=\"margin-right: 0px; margin-bottom: 40px; margin-left: 0px; padding: 0px 0px 0px 40px; list-style: none; position: relative; font-size: 19px; color: #505050; line-height: 34px; outline-style: none !important; outline-width: initial !important;\">More than 228,000 weapons and ammunition belonging to the National Bolivarian Armed Force (FANB) and the National Police Corps might be in the hands of Colombian terrorists on Venezuelan soil, as well as the paramilitary known as \u201cillegally armed colectivos\u201d that support the regime of Nicol\u00e1s Maduro. \u2013\u00a0<a style=\"color: #007bff; background-image: initial; background-position: initial; background-size: initial; background-repeat: initial; background-attachment: initial; background-origin: initial; background-clip: initial; margin: 0px; padding: 0px; border: 0px; vertical-align: baseline; transition: all 0.3s ease-out 0s; outline: none !important;\" href=\"https:\/\/dialogo-americas.com\/en\/articles\/pro-maduro-troops-supply-weapons-criminal-organizations\">Di\u00e1logo on 06-JUNE (content in Spanish)<\/a><\/li><\/ul><p style=\"margin-right: 0px; margin-bottom: 50px; margin-left: 0px; padding: 0px; border: 0px; vertical-align: baseline; background: transparent; line-height: 34px; outline: none !important;\"><strong style=\"font-weight: bold; margin: 0px; padding: 0px; border: 0px; vertical-align: baseline; background: transparent; outline: none !important;\">THE ALBA<\/strong><\/p><ul style=\"margin-right: 0px; margin-left: 0px; padding: 0px; list-style: square; color: #000000; font-size: 12px; outline-style: none !important; outline-width: initial !important;\"><li style=\"margin-right: 0px; margin-bottom: 40px; margin-left: 0px; padding: 0px 0px 0px 40px; list-style: none; position: relative; font-size: 19px; color: #505050; line-height: 34px; outline-style: none !important; outline-width: initial !important;\">According to the Nicaraguan Institute of Tourism, more than 5,000 Cubans arrived in Nicaragua during the first five months of 2019, an increase of almost 900 percent compared to the 566 who arrived in the country in 2018. Far from being attracted to the country\u2019s touristic landmarks, most Cubans are there for covert activities to help President Daniel Ortega and his wife, Vice President Rosario Murillo, remain in power. \u2013\u00a0<a style=\"color: #007bff; background-image: initial; background-position: initial; background-size: initial; background-repeat: initial; background-attachment: initial; background-origin: initial; background-clip: initial; margin: 0px; padding: 0px; border: 0px; vertical-align: baseline; transition: all 0.3s ease-out 0s; outline: none !important;\" href=\"https:\/\/dialogo-americas.com\/en\/articles\/cuban-agents-advise-nicaraguan-military-1\">Di\u00e1logo on 10-AUG<\/a><\/li><li style=\"margin-right: 0px; margin-bottom: 40px; margin-left: 0px; padding: 0px 0px 0px 40px; list-style: none; position: relative; font-size: 19px; color: #505050; line-height: 34px; outline-style: none !important; outline-width: initial !important;\">Landlocked Paraguay has been engulfed in a political storm that has seen both its president and vice president nearly impeached in recent weeks. The crisis began on July 23rd when Pedro Ferreira, the head of the state-owned energy company National Electricity Administration (ANDE), resigned. Ferreira claimed that he was being pressured to add his signature to a secret energy deal with Brazil that had been negotiated behind closed doors by high-ranking officials in May. Ferreira described the deal as constituting \u201chigh treason.\u201d \u2013\u00a0<a style=\"color: #007bff; background-image: initial; background-position: initial; background-size: initial; background-repeat: initial; background-attachment: initial; background-origin: initial; background-clip: initial; margin: 0px; padding: 0px; border: 0px; vertical-align: baseline; transition: all 0.3s ease-out 0s; outline: none !important;\" href=\"https:\/\/www.worldpoliticsreview.com\/articles\/28104\/a-secret-energy-deal-with-brazil-plunges-paraguay-into-crisis\">World Politics Review on 08-AUG<\/a><\/li><li style=\"margin-right: 0px; margin-bottom: 40px; margin-left: 0px; padding: 0px 0px 0px 40px; list-style: none; position: relative; font-size: 19px; color: #505050; line-height: 34px; outline-style: none !important; outline-width: initial !important;\">Paraguay\u2019s President Mario Abdo launched a tender to carry out studies to build a third bridge connecting the country with Brazil, part of the so-called bioceanic highway corridor. \u2013\u00a0<a style=\"color: #007bff; background-image: initial; background-position: initial; background-size: initial; background-repeat: initial; background-attachment: initial; background-origin: initial; background-clip: initial; margin: 0px; padding: 0px; border: 0px; vertical-align: baseline; transition: all 0.3s ease-out 0s; outline: none !important;\" href=\"https:\/\/www.bnamericas.com\/en\/news\/paraguay-advances-third-border-bridge-with-studies-tender\">BNAmericas on 22-July<\/a><\/li><li style=\"margin-right: 0px; margin-bottom: 40px; margin-left: 0px; padding: 0px 0px 0px 40px; list-style: none; position: relative; font-size: 19px; color: #505050; line-height: 34px; outline-style: none !important; outline-width: initial !important;\">On June 21st, the U.S. Treasury Department imposed sanctions on four high-ranking Nicaraguan government officials for allegedly preventing their country\u2019s citizens from exercising fundamental freedoms. \u2013\u00a0<a style=\"color: #007bff; background-image: initial; background-position: initial; background-size: initial; background-repeat: initial; background-attachment: initial; background-origin: initial; background-clip: initial; margin: 0px; padding: 0px; border: 0px; vertical-align: baseline; transition: all 0.3s ease-out 0s; outline: none !important;\" href=\"https:\/\/www.reuters.com\/article\/us-usa-nicaragua-sanctions\/us-imposes-sanctions-on-four-high-ranking-nicaraguan-officials-idUSKCN1TM2EK?utm_source=Today+in+Latin+America&amp;utm_campaign=2365570361-EMAIL_CAMPAIGN_2019_06_24_02_09&amp;utm_medium=email&amp;utm_term=0_73d76ad46b-2365570361-101968427\">Reuters on 21-JUNE<\/a><\/li><li style=\"margin-right: 0px; margin-bottom: 40px; margin-left: 0px; padding: 0px 0px 0px 40px; list-style: none; position: relative; font-size: 19px; color: #505050; line-height: 34px; outline-style: none !important; outline-width: initial !important;\">Carlos Mesa Gisbert, a former president of Bolivia, says voters should choose him over President Evo Morales in elections this October because he has better policies and because, after 13 years in power, Morales is a near-dictator of the left who could turn the country into another Venezuela. \u2013\u00a0<a style=\"color: #007bff; background-image: initial; background-position: initial; background-size: initial; background-repeat: initial; background-attachment: initial; background-origin: initial; background-clip: initial; margin: 0px; padding: 0px; border: 0px; vertical-align: baseline; transition: all 0.3s ease-out 0s; outline: none !important;\" href=\"https:\/\/www.bloomberg.com\/news\/articles\/2019-06-20\/mesa-hopes-to-end-morales-long-rule-of-bolivia-in-fall-election\">Bloomberg on 20-JUNE<\/a><\/li><li style=\"margin-right: 0px; margin-bottom: 40px; margin-left: 0px; padding: 0px 0px 0px 40px; list-style: none; position: relative; font-size: 19px; color: #505050; line-height: 34px; outline-style: none !important; outline-width: initial !important;\">Cuba\u2019s state security is pressuring dissidents to go into exile in its attempt to weaken opposition on the Communist-run island, a non-governmental human rights organization said. \u2013\u00a0<a style=\"color: #007bff; background-image: initial; background-position: initial; background-size: initial; background-repeat: initial; background-attachment: initial; background-origin: initial; background-clip: initial; margin: 0px; padding: 0px; border: 0px; vertical-align: baseline; transition: all 0.3s ease-out 0s; outline: none !important;\" href=\"https:\/\/uk.reuters.com\/article\/uk-cuba-rights\/cuba-forces-dissidents-into-exile-advocacy-group-says-idUKKCN1TK0Q5?rpc=401&amp;\">UK Reuters on 19-JUNE<\/a><\/li><li style=\"margin-right: 0px; margin-bottom: 40px; margin-left: 0px; padding: 0px 0px 0px 40px; list-style: none; position: relative; font-size: 19px; color: #505050; line-height: 34px; outline-style: none !important; outline-width: initial !important;\">Hours after the creation of the binational cabinet between Paraguay and Bolivia, a meeting was set to revise the external commercial protocols of the Bolivian Port of Ilo. \u2013\u00a0<a style=\"color: #007bff; background-image: initial; background-position: initial; background-size: initial; background-repeat: initial; background-attachment: initial; background-origin: initial; background-clip: initial; margin: 0px; padding: 0px; border: 0px; vertical-align: baseline; transition: all 0.3s ease-out 0s; outline: none !important;\" href=\"http:\/\/www.la-razon.com\/nacional\/Gabinete_Binacional-Bolivia-Peru-comercio-exterior-puerto-Ilo-24-25-junio_0_3165283458.html\" target=\"_blank\" rel=\"noreferrer noopener\">La Razon\u00a0on 13-JUNE (content in Spanish)<\/a><\/li><li style=\"margin-right: 0px; margin-bottom: 40px; margin-left: 0px; padding: 0px 0px 0px 40px; list-style: none; position: relative; font-size: 19px; color: #505050; line-height: 34px; outline-style: none !important; outline-width: initial !important;\">Paraguayan President Abdo Ben\u00edtez and Bolivian President Evo Morales created the first binational cabinet to generate more integration between the two nations. \u2013\u00a0<a style=\"color: #007bff; background-image: initial; background-position: initial; background-size: initial; background-repeat: initial; background-attachment: initial; background-origin: initial; background-clip: initial; margin: 0px; padding: 0px; border: 0px; vertical-align: baseline; transition: all 0.3s ease-out 0s; outline: none !important;\" href=\"http:\/\/www.eldeber.com.bo\/bolivia\/Inicia-gabinete-binacional-entre-Bolivia-y-Paraguay-20190612-0002.html\" target=\"_blank\" rel=\"noreferrer noopener\">El Deber\u00a0on 12-JUNE (content in Spanish)<\/a><\/li><li style=\"margin-right: 0px; margin-bottom: 40px; margin-left: 0px; padding: 0px 0px 0px 40px; list-style: none; position: relative; font-size: 19px; color: #505050; line-height: 34px; outline-style: none !important; outline-width: initial !important;\">Nicaragua has released more than 100 political prisoners under a new law that frees people arrested amid a year of anti-government protests while also protecting police and others who violently clamped down on the demonstrations. \u2013\u00a0<a style=\"color: #007bff; background-image: initial; background-position: initial; background-size: initial; background-repeat: initial; background-attachment: initial; background-origin: initial; background-clip: initial; margin: 0px; padding: 0px; border: 0px; vertical-align: baseline; transition: all 0.3s ease-out 0s; outline: none !important;\" href=\"https:\/\/www.theguardian.com\/world\/2019\/jun\/11\/nicaragua-political-prisoners-released-new-law\">The Guardian on 11-JUNE<\/a><\/li><li style=\"margin-right: 0px; margin-bottom: 40px; margin-left: 0px; padding: 0px 0px 0px 40px; list-style: none; position: relative; font-size: 19px; color: #505050; line-height: 34px; outline-style: none !important; outline-width: initial !important;\">Haiti\u2019s High Court of Auditors released a 600 plus-page report as a deeper audit regarding the mismanagement of the PetroCaribe funds. The corruption scandal surrounding PetroCaribe, a regional energy programme orchestrated by Venezuela intended to provide petroleum products to Haiti under preferential terms. \u2013\u00a0<a style=\"color: #007bff; background-image: initial; background-position: initial; background-size: initial; background-repeat: initial; background-attachment: initial; background-origin: initial; background-clip: initial; margin: 0px; padding: 0px; border: 0px; vertical-align: baseline; transition: all 0.3s ease-out 0s; outline: none !important;\" href=\"https:\/\/globalvoices.org\/2019\/06\/09\/could-the-petrocaribe-scandal-be-the-end-of-haitian-president-jovenel-moise\/\">Global Voices on 09-JUNE<\/a><\/li><li style=\"margin-right: 0px; margin-bottom: 40px; margin-left: 0px; padding: 0px 0px 0px 40px; list-style: none; position: relative; font-size: 19px; color: #505050; line-height: 34px; outline-style: none !important; outline-width: initial !important;\">Bolivian state media reports that the Bolivian and Paraguay external affairs ministers signed a mutual agreement that would provide security and defense in both countries. \u2013\u00a0<a style=\"color: #007bff; background-image: initial; background-position: initial; background-size: initial; background-repeat: initial; background-attachment: initial; background-origin: initial; background-clip: initial; margin: 0px; padding: 0px; border: 0px; vertical-align: baseline; transition: all 0.3s ease-out 0s; outline: none !important;\" href=\"http:\/\/www.cambio.bo\/?q=node\/67699\">Cambio on 06-JUNE<\/a><\/li><li style=\"margin-right: 0px; margin-bottom: 40px; margin-left: 0px; padding: 0px 0px 0px 40px; list-style: none; position: relative; font-size: 19px; color: #505050; line-height: 34px; outline-style: none !important; outline-width: initial !important;\">On June 4th, the Trump administration ended the most popular forms of U.S. travel to Cuba, banning cruise ships and a heavily used category of educational travel in an attempt to cut off cash to the island\u2019s communist government. \u2013\u00a0<a style=\"color: #007bff; background-image: initial; background-position: initial; background-size: initial; background-repeat: initial; background-attachment: initial; background-origin: initial; background-clip: initial; margin: 0px; padding: 0px; border: 0px; vertical-align: baseline; transition: all 0.3s ease-out 0s; outline: none !important;\" href=\"https:\/\/apnews.com\/67c721daee8143d4a2e6ee8c401bf215?utm_source=Today+in+Latin+America&amp;utm_campaign=7656857206-EMAIL_CAMPAIGN_2019_06_05_01_06&amp;utm_medium=email&amp;utm_term=0_73d76ad46b-7656857206-101968427\">AP News on 04-JUNE<\/a><\/li><\/ul><\/div><\/div><\/div><\/div><\/div><\/div><\/div><\/div><\/div><\/div><\/div><\/div>\t\t\t\t\t\t\t\t<\/div>\n\t\t\t\t<\/div>\n\t\t\t\t<div class=\"elementor-element elementor-element-a190c53 elementor-widget elementor-widget-image\" data-id=\"a190c53\" data-element_type=\"widget\" data-widget_type=\"image.default\">\n\t\t\t\t<div class=\"elementor-widget-container\">\n\t\t\t\t\t\t\t\t\t\t\t\t\t\t\t<img decoding=\"async\" width=\"800\" height=\"334\" src=\"https:\/\/vric.securefreesociety.org\/wp-content\/uploads\/2021\/09\/russiacovermonitor-1536x640-1-1024x427.webp\" class=\"attachment-large size-large wp-image-3853\" alt=\"\" srcset=\"https:\/\/vric.securefreesociety.org\/wp-content\/uploads\/2021\/09\/russiacovermonitor-1536x640-1-1024x427.webp 1024w, https:\/\/vric.securefreesociety.org\/wp-content\/uploads\/2021\/09\/russiacovermonitor-1536x640-1-300x125.webp 300w, https:\/\/vric.securefreesociety.org\/wp-content\/uploads\/2021\/09\/russiacovermonitor-1536x640-1-768x320.webp 768w, https:\/\/vric.securefreesociety.org\/wp-content\/uploads\/2021\/09\/russiacovermonitor-1536x640-1.webp 1536w\" sizes=\"(max-width: 800px) 100vw, 800px\" \/>\t\t\t\t\t\t\t\t\t\t\t\t\t\t\t<\/div>\n\t\t\t\t<\/div>\n\t\t\t\t<div class=\"elementor-element elementor-element-e23d85f elementor-widget__width-initial elementor-widget elementor-widget-text-editor\" data-id=\"e23d85f\" data-element_type=\"widget\" data-widget_type=\"text-editor.default\">\n\t\t\t\t<div class=\"elementor-widget-container\">\n\t\t\t\t\t\t\t\t\t<div><div><div><div><div><div><div><div><div style=\"margin: 0px 0px 35px; padding: 0px; border: 0px; vertical-align: baseline; background: transparent; color: #000000; font-size: 12px; outline: none !important;\"><div style=\"margin: 0px; padding: 0px; border: 0px; vertical-align: baseline; background: transparent; outline: none !important;\"><p style=\"margin-right: 0px; margin-bottom: 50px; margin-left: 0px; padding: 0px; border: 0px; vertical-align: baseline; background: transparent; font-size: 19px; color: #505050; line-height: 34px; outline: none !important;\">Moscow continues to serve as a lifeline for the Maduro regime in Caracas, while expanding its presence in Nicaragua and Bolivia. The recent withdrawal of Rosneft and Rostec personnel from Venezuela furthered fan speculation that Russia is losing interest in Venezuela, nevertheless, on June 24th, another plane of Russian military-technicians landed in Caracas, showing that Putin\u2019s play in Venezuela is all but over. A week earlier, on June 13th, Maduro gave Russia concession to two new gas deposits in the Parai peninsula\u00a0allowing Russia the potential to begin manufacturing and shipping liquified natural gas (LNG), in the highly contested eastern territorial waters between Venezuela and Guyana.\u00a0<br style=\"outline: none !important;\" \/><br style=\"outline: none !important;\" \/>In Nicaragua, in the midst of a fierce standoff between Daniel Ortega and the opposition in mid-June, the National Assembly approved the arrival of 160 Russian troops to train with their counterparts in the Nicaraguan Armed Forces. In July, Vladimir Putin welcomed Bolivian President Evo Morales to Moscow for a series of talks on \u201cstrategic cooperation,\u201d including a Russian research nuclear reactor in the Andean nation. Russia has an increased interest in critical infrastructure projects in Latin America, including intra-state railways in Cuba, Mexico, Argentina, Colombia, and the bi-oceanic railway between\u00a0Brazil, Peru, and Bolivia.\u00a0<\/p><p>\u00a0<\/p><ul style=\"margin-right: 0px; margin-left: 0px; padding: 0px; list-style: square; font-size: 12px; outline-style: none !important; outline-width: initial !important;\"><li style=\"margin-right: 0px; margin-bottom: 40px; margin-left: 0px; padding: 0px 0px 0px 40px; list-style: none; position: relative; font-size: 19px; color: #505050; line-height: 34px; outline-style: none !important; outline-width: initial !important;\">Russian oil products are making their way to sanction-stained Venezuela, affording a reprieve for the Latin American nation as it battles persistent fuel shortages. Venezuela received at least 616,000 barrels of gasoline and 500,000 of vacuum gas oil, a feedstock used to produce gasoline, in June and July. The cargoes sailed from the Black Sea port of Taman to Malta, where they were transferred to other vessels heading to Venezuela, according to people familiar with the cargoes and ship-tracking data compiled by Bloomberg. \u2013\u00a0<a style=\"color: #007bff; background-image: initial; background-position: initial; background-size: initial; background-repeat: initial; background-attachment: initial; background-origin: initial; background-clip: initial; margin: 0px; padding: 0px; border: 0px; vertical-align: baseline; transition: all 0.3s ease-out 0s; outline: none !important;\" href=\"https:\/\/www.bloomberg.com\/news\/articles\/2019-07-31\/russian-gasoline-makes-long-voyage-to-crisis-stricken-venezuela\">Bloomberg on 31-JULY<\/a><\/li><li style=\"margin-right: 0px; margin-bottom: 40px; margin-left: 0px; padding: 0px 0px 0px 40px; list-style: none; position: relative; font-size: 19px; color: #505050; line-height: 34px; outline-style: none !important; outline-width: initial !important;\">Venezuela borrowed $10 billion from Russia to buy combat fighters and tanks. Although Venezuela\u2019s inability to repay loans, Russia continues to support their ally because of the representation of Russia\u2019s symbolic advancement in Latin America. \u2013\u00a0<a style=\"color: #007bff; background-image: initial; background-position: initial; background-size: initial; background-repeat: initial; background-attachment: initial; background-origin: initial; background-clip: initial; margin: 0px; padding: 0px; border: 0px; vertical-align: baseline; transition: all 0.3s ease-out 0s; outline: none !important;\" href=\"https:\/\/israelnoticias.com\/internacional\/venezuela-rusia-cazas-tanques\/\">Israel Noticias on 28-JULY<\/a><\/li><li style=\"margin-right: 0px; margin-bottom: 40px; margin-left: 0px; padding: 0px 0px 0px 40px; list-style: none; position: relative; font-size: 19px; color: #505050; line-height: 34px; outline-style: none !important; outline-width: initial !important;\">Russian state media reports that Russian Foreign Minister Sergey Lavrov said the country will continue to develop military, technical, and economic cooperation with Cuba, after talks with his Cuban counterpart, Bruno Rodriguez Parrilla. \u2013\u00a0<a style=\"color: #007bff; background-image: initial; background-position: initial; background-size: initial; background-repeat: initial; background-attachment: initial; background-origin: initial; background-clip: initial; margin: 0px; padding: 0px; border: 0px; vertical-align: baseline; transition: all 0.3s ease-out 0s; outline: none !important;\" href=\"https:\/\/tass.com\/politics\/1070233\">TASS on 24-JULY<\/a><\/li><li style=\"margin-right: 0px; margin-bottom: 40px; margin-left: 0px; padding: 0px 0px 0px 40px; list-style: none; position: relative; font-size: 19px; color: #505050; line-height: 34px; outline-style: none !important; outline-width: initial !important;\">The Kremlin confirmed that it sent more Russian experts to Venezuela to work on \u201cmilitary-technical cooperation.\u201d Deputy Foreign Minister Sergey Riabkov said the technicians will be dedicated to maintaining equipment previously supplied to the Chavista regime. \u2013\u00a0<a style=\"color: #007bff; background-image: initial; background-position: initial; background-size: initial; background-repeat: initial; background-attachment: initial; background-origin: initial; background-clip: initial; margin: 0px; padding: 0px; border: 0px; vertical-align: baseline; transition: all 0.3s ease-out 0s; outline: none !important;\" href=\"https:\/\/www.infobae.com\/america\/venezuela\/2019\/06\/25\/el-kremlin-confirmo-que-envio-a-venezuela-mas-expertos-rusos-para-trabajar-en-la-cooperacion-tecnico-militar\/?outputType=amp-type#utm_source=Telegram_Ve\">Infobae on 25-JUNE<\/a><\/li><li style=\"margin-right: 0px; margin-bottom: 40px; margin-left: 0px; padding: 0px 0px 0px 40px; list-style: none; position: relative; font-size: 19px; color: #505050; line-height: 34px; outline-style: none !important; outline-width: initial !important;\">Russian President Vladimir Putin said his country will join the Central Bioceanic Railway Corridor project, which will connect the Atlantic and Pacific Oceans by train through Brazil, Bolivia, and Peru. Moscow also announced the opening of its market for Bolivia\u2019s agricultural products \u2013\u00a0<a style=\"color: #007bff; background-image: initial; background-position: initial; background-size: initial; background-repeat: initial; background-attachment: initial; background-origin: initial; background-clip: initial; margin: 0px; padding: 0px; border: 0px; vertical-align: baseline; transition: all 0.3s ease-out 0s; outline: none !important;\" href=\"https:\/\/www.urgentebo.com\/noticia\/rusia-participar%C3%A1-en-el-tren-bioce%C3%A1nico-y-abrir%C3%A1-su-mercado-los-productos-bolivianos\">UrgenteBo on 11-JULY (content in Spanish)<\/a><\/li><li style=\"margin-right: 0px; margin-bottom: 40px; margin-left: 0px; padding: 0px 0px 0px 40px; list-style: none; position: relative; font-size: 19px; color: #505050; line-height: 34px; outline-style: none !important; outline-width: initial !important;\">Bolivia\u2019s President Evo Morales and his Russian counterpart Vladimir Putin signed agreements in Moscow on energy, industrial, agricultural and military issues and discussed the Venezuelan crisis negotiations that are taking place in Norway between delegates of Juan Guaid\u00f3 and Nicol\u00e1s Maduro. \u2013\u00a0<a style=\"color: #007bff; background-image: initial; background-position: initial; background-size: initial; background-repeat: initial; background-attachment: initial; background-origin: initial; background-clip: initial; margin: 0px; padding: 0px; border: 0px; vertical-align: baseline; transition: all 0.3s ease-out 0s; outline: none !important;\" href=\"https:\/\/en.mercopress.com\/2019\/07\/12\/russia-and-bolivia-sign-accords-during-evo-s-new-moscow-trip\">MercoPress on 12-JULY<\/a><\/li><li style=\"margin-right: 0px; margin-bottom: 40px; margin-left: 0px; padding: 0px 0px 0px 40px; list-style: none; position: relative; font-size: 19px; color: #505050; line-height: 34px; outline-style: none !important; outline-width: initial !important;\">Malaysian state media reports that Bolivia is interested in purchasing Russian military equipment, and considers replacing US T-33 jet trainers with Russian analogues, Bolivian President Evo Morales said in an interview with Sputnik. Morales is set to pay a visit to Moscow on July 11th for talks with Russian President Vladimir Putin. \u2013\u00a0<a style=\"color: #007bff; background-image: initial; background-position: initial; background-size: initial; background-repeat: initial; background-attachment: initial; background-origin: initial; background-clip: initial; margin: 0px; padding: 0px; border: 0px; vertical-align: baseline; transition: all 0.3s ease-out 0s; outline: none !important;\" href=\"http:\/\/www.bernama.com\/en\/world\/news.php?id=1741907\">Bernama on 03-JULY<\/a><\/li><li style=\"margin-right: 0px; margin-bottom: 40px; margin-left: 0px; padding: 0px 0px 0px 40px; list-style: none; position: relative; font-size: 19px; color: #505050; line-height: 34px; outline-style: none !important; outline-width: initial !important;\">The Nicaraguan National Assembly has approved the entry of military personnel from countries including Mexico, Russia, Taiwan, and Venezuela, between July 1st and December 31st to carry out training exercises and improve bilateral military relations. A number of Nicaraguan defense personnel will also travel abroad. \u2013\u00a0<a style=\"color: #007bff; background-image: initial; background-position: initial; background-size: initial; background-repeat: initial; background-attachment: initial; background-origin: initial; background-clip: initial; margin: 0px; padding: 0px; border: 0px; vertical-align: baseline; transition: all 0.3s ease-out 0s; outline: none !important;\" href=\"https:\/\/www.janes.com\/article\/89607\/nicaraguan-parliament-approves-foreign-troop-entry-into-nation\">Janes on 01- JULY<\/a><\/li><li style=\"margin-right: 0px; margin-bottom: 40px; margin-left: 0px; padding: 0px 0px 0px 40px; list-style: none; position: relative; font-size: 19px; color: #505050; line-height: 34px; outline-style: none !important; outline-width: initial !important;\">An accord signed by both Russia and Venezuela earlier this month will give Rosneft tax breaks to produce and export gas from the Patao and Mejillones fields off Venezuela\u2019s east coast. The deal underscores how Russia is both propping up and gaining from the Maduro regime. \u2013\u00a0<a style=\"color: #007bff; background-image: initial; background-position: initial; background-size: initial; background-repeat: initial; background-attachment: initial; background-origin: initial; background-clip: initial; margin: 0px; padding: 0px; border: 0px; vertical-align: baseline; transition: all 0.3s ease-out 0s; outline: none !important;\" href=\"https:\/\/www.bloomberg.com\/news\/articles\/2019-06-20\/russia-squeezing-embattled-venezuela-for-tax-free-gas-expansion\">Bloomberg on 20-JUNE<\/a><\/li><li style=\"margin-right: 0px; margin-bottom: 40px; margin-left: 0px; padding: 0px 0px 0px 40px; list-style: none; position: relative; font-size: 19px; color: #505050; line-height: 34px; outline-style: none !important; outline-width: initial !important;\">Nicol\u00e1s Maduro gave Vladmir Putin two new gas deposits to Russia, giving him 100% of the project and all gas rights; with it Putin challenges the government of the United States and reinforces his stay in the South American country. \u2013\u00a0<a style=\"color: #007bff; background-image: initial; background-position: initial; background-size: initial; background-repeat: initial; background-attachment: initial; background-origin: initial; background-clip: initial; margin: 0px; padding: 0px; border: 0px; vertical-align: baseline; transition: all 0.3s ease-out 0s; outline: none !important;\" href=\"https:\/\/panampost.com\/sabrina-martin\/2019\/06\/14\/venezuela-maduro-gives-russia-control-of-two-new-gas-deposits\/?cn-reloaded=1\">PanAm Post on 13-JUNE (content in Spanish)<\/a><\/li><li style=\"margin-right: 0px; margin-bottom: 40px; margin-left: 0px; padding: 0px 0px 0px 40px; list-style: none; position: relative; font-size: 19px; color: #505050; line-height: 34px; outline-style: none !important; outline-width: initial !important;\">Russia has decided to begin funding an ambitious project to develop an inter-country rail system in Latin America, beginning in Cuba. \u2013\u00a0<a style=\"color: #007bff; background-image: initial; background-position: initial; background-size: initial; background-repeat: initial; background-attachment: initial; background-origin: initial; background-clip: initial; margin: 0px; padding: 0px; border: 0px; vertical-align: baseline; transition: all 0.3s ease-out 0s; outline: none !important;\" href=\"https:\/\/larepublica.pe\/economia\/1484872-rusia-apoyara-construccion-trenes-america-latina\">La Republica on 09-JUNE (content in Spanish)<\/a><\/li><\/ul><\/div><\/div><\/div><\/div><\/div><\/div><\/div><\/div><\/div><\/div>\t\t\t\t\t\t\t\t<\/div>\n\t\t\t\t<\/div>\n\t\t\t\t<div class=\"elementor-element elementor-element-186984a elementor-widget__width-initial elementor-widget elementor-widget-image\" data-id=\"186984a\" data-element_type=\"widget\" data-widget_type=\"image.default\">\n\t\t\t\t<div class=\"elementor-widget-container\">\n\t\t\t\t\t\t\t\t\t\t\t\t\t\t\t<img loading=\"lazy\" decoding=\"async\" width=\"1536\" height=\"640\" src=\"https:\/\/vric.securefreesociety.org\/wp-content\/uploads\/2021\/09\/irancoverfinal-1-1536x640-1.webp\" class=\"attachment-full size-full wp-image-3856\" alt=\"\" srcset=\"https:\/\/vric.securefreesociety.org\/wp-content\/uploads\/2021\/09\/irancoverfinal-1-1536x640-1.webp 1536w, https:\/\/vric.securefreesociety.org\/wp-content\/uploads\/2021\/09\/irancoverfinal-1-1536x640-1-300x125.webp 300w, https:\/\/vric.securefreesociety.org\/wp-content\/uploads\/2021\/09\/irancoverfinal-1-1536x640-1-1024x427.webp 1024w, https:\/\/vric.securefreesociety.org\/wp-content\/uploads\/2021\/09\/irancoverfinal-1-1536x640-1-768x320.webp 768w\" sizes=\"(max-width: 1536px) 100vw, 1536px\" \/>\t\t\t\t\t\t\t\t\t\t\t\t\t\t\t<\/div>\n\t\t\t\t<\/div>\n\t\t\t\t<div class=\"elementor-element elementor-element-a19423a elementor-widget__width-initial elementor-widget elementor-widget-text-editor\" data-id=\"a19423a\" data-element_type=\"widget\" data-widget_type=\"text-editor.default\">\n\t\t\t\t<div class=\"elementor-widget-container\">\n\t\t\t\t\t\t\t\t\t<div><div><div><div><div><div><div><div><div><div><div style=\"margin: 0px 0px 35px; padding: 0px; border: 0px; vertical-align: baseline; background: transparent; outline: none !important;\"><div style=\"margin: 0px; padding: 0px; border: 0px; vertical-align: baseline; background: transparent; outline: none !important;\"><p style=\"margin-right: 0px; margin-bottom: 50px; margin-left: 0px; padding: 0px; border: 0px; vertical-align: baseline; background: transparent; line-height: 34px; outline: none !important;\">In the midst of Tehran\u2019s heightened tension with Washington and London over hostilities in the Strait of Hormuz, Iranian Foreign Minister Mohammad Javad Zarif took a three-country tour of Latin America visiting Nicaragua, Venezuela, and Bolivia in July. The result is several bilateral agreements, such as increased economic cooperation with Nicaragua, the establishment of a nanotechnology research laboratory and UAV facility in Bolivia, and the domestic production of wagons in Venezuela. Zarif\u2019s visit to Venezuela coincided with the Non-Aligned Movement summit where he met with several African leaders, calling for an international front supporting Maduro.<\/p><p>\u00a0<\/p><p style=\"margin-right: 0px; margin-bottom: 50px; margin-left: 0px; padding: 0px; border: 0px; vertical-align: baseline; background: transparent; line-height: 34px; outline: none !important;\">This echoed Iran\u2019s head of national security, Ali Shamkani, who made a similar statement in June while attending the 10th National Security Forum in Russia. Zarif\u2019s Latin America tour came after the 25th anniversary of the AMIA attack, where Argentina officially designated Hezbollah as a foreign terrorist organization.<\/p><p>\u00a0<\/p><p style=\"margin-right: 0px; margin-bottom: 50px; margin-left: 0px; padding: 0px; border: 0px; vertical-align: baseline; background: transparent; line-height: 34px; outline: none !important;\">The Hezbollah terror designation in Argentina came after a series of workshops between the Trump administration and several countries in South and Central America. In June, the State Department organized a two-day workshop in Buenos Aires on Hezbollah\u2019s illicit activities with representatives from Argentina, Chile, Colombia, Panama, Paraguay, and Peru. The workshop was in advance of the July 19th Western Hemisphere Ministerial on Counterterrorism hosted by the Macri government in Buenos Aires, where no fewer than 18 regional governments signed a\u00a0<a style=\"color: #007bff; background-image: initial; background-position: initial; background-size: initial; background-repeat: initial; background-attachment: initial; background-origin: initial; background-clip: initial; margin: 0px; padding: 0px; border: 0px; vertical-align: baseline; transition: all 0.3s ease-out 0s; outline: none !important;\" href=\"https:\/\/www.state.gov\/joint-communique-second-hemispheric-ministerial-conference-on-the-fight-against-terrorism\/\" target=\"_blank\" rel=\"noreferrer noopener\">joint communique<\/a>\u00a0acknowledging Hezbollah\u2019s presence in Latin America.<\/p><p>\u00a0<\/p><p style=\"margin-right: 0px; margin-bottom: 50px; margin-left: 0px; padding: 0px; border: 0px; vertical-align: baseline; background: transparent; line-height: 34px; outline: none !important;\">In late June, Paraguay extradited to the U.S. a high-level Hezbollah financier, Nader Mohammad Farhat, for narco-trafficking and money-laundering charges. In July,\u00a0<a style=\"color: #007bff; background-image: initial; background-position: initial; background-size: initial; background-repeat: initial; background-attachment: initial; background-origin: initial; background-clip: initial; margin: 0px; padding: 0px; border: 0px; vertical-align: baseline; transition: all 0.3s ease-out 0s; outline: none !important;\" href=\"https:\/\/www.treasury.gov\/resource-center\/sanctions\/OFAC-Enforcement\/Pages\/20190719.aspx\" target=\"_blank\" rel=\"noreferrer noopener\">U.S. Treasury\u2019s OFAC listed<\/a>\u00a0an important Hezbollah ESO operative, Salman Raouf Salman, as a specially designated global terrorist and\u00a0<a style=\"color: #007bff; background-image: initial; background-position: initial; background-size: initial; background-repeat: initial; background-attachment: initial; background-origin: initial; background-clip: initial; margin: 0px; padding: 0px; border: 0px; vertical-align: baseline; transition: all 0.3s ease-out 0s; outline: none !important;\" href=\"https:\/\/www.state.gov\/reward-offer-for-information-on-hizballah-key-leader-salman-raouf-salman\/\" target=\"_blank\" rel=\"noreferrer noopener\">State\u2019s Rewards for Justice Program<\/a>\u00a0offers up to a $7 million\u00a0for information leading to the identification or location of Salman.\u00a0Salman was implicated in the 1994 AMIA attack in Argentina\u00a0and has been accused of continuing to carry out various other terrorist operations worldwide.\u00a0<\/p><p>\u00a0<\/p><ul style=\"margin-right: 0px; margin-left: 0px; padding: 0px; list-style: square; color: #000000; font-size: 12px; outline-style: none !important; outline-width: initial !important;\"><li style=\"margin-right: 0px; margin-bottom: 40px; margin-left: 0px; padding: 0px 0px 0px 40px; list-style: none; position: relative; font-size: 19px; color: #505050; line-height: 34px; outline-style: none !important; outline-width: initial !important;\">Iranian state media reports the Minister of Finance and Public Credit of Nicaragua, Iv\u00e1n Acosta Montalv\u00e1n, heading a high-ranking economic delegation, is visiting Tehran on an official trip on August 10th. According to the Iranian Ministry of Foreign Affairs, he is scheduled to hold talks with Iranian Foreign Minister Mohammad Javad Zarif during his stay in Tehran. In July, Zarif traveled to Nicaragua after wrapping up his stay in New York for a UN meeting. \u2013\u00a0<a style=\"color: #007bff; background-image: initial; background-position: initial; background-size: initial; background-repeat: initial; background-attachment: initial; background-origin: initial; background-clip: initial; margin: 0px; padding: 0px; border: 0px; vertical-align: baseline; transition: all 0.3s ease-out 0s; outline: none !important;\" href=\"https:\/\/en.mehrnews.com\/news\/148682\/FM-Zarif-to-meet-Nicaragua-s-finance-min-in-Tehran\">Mehr News on 10-AUG<\/a><\/li><li style=\"margin-right: 0px; margin-bottom: 40px; margin-left: 0px; padding: 0px 0px 0px 40px; list-style: none; position: relative; font-size: 19px; color: #505050; line-height: 34px; outline-style: none !important; outline-width: initial !important;\">Iranian state media reports that an MOU was inked between Iran\u2019s Ministry of Roads and Urban Development (or Islamic Republic of Iran Railways \u2013 RAI) and the Iran-Venezuela binational bank to support the domestic production of wagons in Venezuela. RAI agreed to finance 40% of the production and the binational bank another 40% with the remainder being left to those purchasing the wagons. \u2013\u00a0<a style=\"color: #007bff; background-image: initial; background-position: initial; background-size: initial; background-repeat: initial; background-attachment: initial; background-origin: initial; background-clip: initial; margin: 0px; padding: 0px; border: 0px; vertical-align: baseline; transition: all 0.3s ease-out 0s; outline: none !important;\" href=\"https:\/\/en.mehrnews.com\/news\/148609\/RAI-Iran-Venezuela-Bi-National-Bank-ink-contract-to-finance\">Mehr News on 07-AUG<\/a><\/li><li style=\"margin-right: 0px; margin-bottom: 40px; margin-left: 0px; padding: 0px 0px 0px 40px; list-style: none; position: relative; font-size: 19px; color: #505050; line-height: 34px; outline-style: none !important; outline-width: initial !important;\">Bolivia is set to procure unmanned aircraft systems (UASs) from Iran following a meeting between high-ranking government officials from both countries on July 23th. Bolivian Minister of Foreign Affairs Diego Pary announced that a memorandum of understanding (MOU) has been signed for academic and technological transfers between both countries, related to the areas of defence technology, following a meeting between Iranian Foreign Minister Mohammad Javad Zarif and Bolivian President Evo Morales. Pary announced the establishment of a nanotechnologies research laboratory at the military-run university Escuela Militar de Ingenier\u00eda (EMI) and a postgraduate academic exchange between both countries. \u2013\u00a0<a style=\"color: #007bff; background-image: initial; background-position: initial; background-size: initial; background-repeat: initial; background-attachment: initial; background-origin: initial; background-clip: initial; margin: 0px; padding: 0px; border: 0px; vertical-align: baseline; transition: all 0.3s ease-out 0s; outline: none !important;\" href=\"https:\/\/www.janes.com\/article\/90103\/bolivia-announces-possible-iranian-uas-purchase\">Janes on 25-JULY<\/a><\/li><li style=\"margin-right: 0px; margin-bottom: 40px; margin-left: 0px; padding: 0px 0px 0px 40px; list-style: none; position: relative; font-size: 19px; color: #505050; line-height: 34px; outline-style: none !important; outline-width: initial !important;\">State media reports that at the signing in Santa Cruz of a memorandum of understanding to transfer technology to build a nanotechnology lab in Bolivia, Iranian Foreign Minister Javad Zarif noted that improving people\u2019s medical care is the secret of progress and development by the nations that are determined to keep their independence. \u2013\u00a0<a style=\"color: #007bff; background-image: initial; background-position: initial; background-size: initial; background-repeat: initial; background-attachment: initial; background-origin: initial; background-clip: initial; margin: 0px; padding: 0px; border: 0px; vertical-align: baseline; transition: all 0.3s ease-out 0s; outline: none !important;\" href=\"https:\/\/www.plenglish.com\/index.php?o=rn&amp;id=44801&amp;SEO=iranian-fm-extolls-world-prestige-of-bolivia-and-evo-morales\">Prensa Latina on 24-JULY<\/a><\/li><li style=\"margin-right: 0px; margin-bottom: 40px; margin-left: 0px; padding: 0px 0px 0px 40px; list-style: none; position: relative; font-size: 19px; color: #505050; line-height: 34px; outline-style: none !important; outline-width: initial !important;\">Iranian Foreign Minister Mohammad Javad Zarif\u2019s recent visit to Nicaragua has been interpreted as a decision by Daniel Ortega to \u201cflee forward\u201d at a time when he is being harassed by international economic sanctions, mainly from the United States, in view of the growing deterioration of the freedoms in the country. \u2013\u00a0<a style=\"color: #007bff; background-image: initial; background-position: initial; background-size: initial; background-repeat: initial; background-attachment: initial; background-origin: initial; background-clip: initial; margin: 0px; padding: 0px; border: 0px; vertical-align: baseline; transition: all 0.3s ease-out 0s; outline: none !important;\" href=\"https:\/\/www.infobae.com\/america\/america-latina\/2019\/07\/24\/que-hay-detras-de-la-visita-del-canciller-irani-a-nicaragua\/\">Infobae on 24-JULY (content in Spanish)<\/a><\/li><li style=\"margin-right: 0px; margin-bottom: 40px; margin-left: 0px; padding: 0px 0px 0px 40px; list-style: none; position: relative; font-size: 19px; color: #505050; line-height: 34px; outline-style: none !important; outline-width: initial !important;\">Iranian state media reports that Secretary of Iran\u2019s Supreme National Security Council Ali Shamkhani, in a meeting with his Venezuelan counterpart Pascualino Angiolillo Fernandez, reiterated Tehran\u2019s support for Maduro, and called for the formation of an international front to support the democratically elected president of the Latin American country. \u2013\u00a0<a style=\"color: #007bff; background-image: initial; background-position: initial; background-size: initial; background-repeat: initial; background-attachment: initial; background-origin: initial; background-clip: initial; margin: 0px; padding: 0px; border: 0px; vertical-align: baseline; transition: all 0.3s ease-out 0s; outline: none !important;\" href=\"http:\/\/en.farsnews.com\/newstext.aspx?nn=13980329001026\">Fars News on 19-JUNE\u00a0<\/a><\/li><\/ul><p style=\"margin-right: 0px; margin-bottom: 50px; margin-left: 0px; padding: 0px; border: 0px; vertical-align: baseline; background: transparent; line-height: 34px; outline: none !important;\"><strong style=\"font-weight: bold; margin: 0px; padding: 0px; border: 0px; vertical-align: baseline; background: transparent; outline: none !important;\">HEZBOLLAH<\/strong><\/p><ul style=\"margin-right: 0px; margin-left: 0px; padding: 0px; list-style: square; color: #000000; font-size: 12px; outline-style: none !important; outline-width: initial !important;\"><li style=\"margin-right: 0px; margin-bottom: 40px; margin-left: 0px; padding: 0px 0px 0px 40px; list-style: none; position: relative; font-size: 19px; color: #505050; line-height: 34px; outline-style: none !important; outline-width: initial !important;\">The United States on Friday imposed sanctions on a senior Hezbollah operative it said coordinated the 1994 bombing of a Jewish community center in Argentina\u2019s capital Buenos Aires, in which 85 people died. In a statement, the State Department also offered a $7 million reward for information on the whereabouts of Salman Raouf Salman, also known as Samuel Salman El Reda, who it said helped plan and carry out the attack in Argentina. \u2013\u00a0<a style=\"color: #007bff; background-image: initial; background-position: initial; background-size: initial; background-repeat: initial; background-attachment: initial; background-origin: initial; background-clip: initial; margin: 0px; padding: 0px; border: 0px; vertical-align: baseline; transition: all 0.3s ease-out 0s; outline: none !important;\" href=\"https:\/\/www.reuters.com\/article\/us-usa-sanctions-hezbollah\/u-s-treasury-sanctions-hezbollah-operative-over-1994-buenos-aires-attack-idUSKCN1UE1OF?il=0\" target=\"_blank\" rel=\"noreferrer noopener\">Reuters on 19-JULY<\/a><\/li><li style=\"margin-right: 0px; margin-bottom: 40px; margin-left: 0px; padding: 0px 0px 0px 40px; list-style: none; position: relative; font-size: 19px; color: #505050; line-height: 34px; outline-style: none !important; outline-width: initial !important;\">Argentina designated Hezbollah a terrorist organization on Thursday, July 18th and ordered a freeze on the financial assets of the group, which has been blamed for two terrorist attacks in the country. \u2013\u00a0<a style=\"color: #007bff; background-image: initial; background-position: initial; background-size: initial; background-repeat: initial; background-attachment: initial; background-origin: initial; background-clip: initial; margin: 0px; padding: 0px; border: 0px; vertical-align: baseline; transition: all 0.3s ease-out 0s; outline: none !important;\" href=\"https:\/\/www.nytimes.com\/2019\/07\/18\/world\/americas\/argentina-hezbollah-terrorist-group.html\">The New York Times on 18-JULY<\/a><\/li><li style=\"margin-right: 0px; margin-bottom: 40px; margin-left: 0px; padding: 0px 0px 0px 40px; list-style: none; position: relative; font-size: 19px; color: #505050; line-height: 34px; outline-style: none !important; outline-width: initial !important;\">The Argentinian government of Mauricio Macri released a list of newly designated terrorist organizations, including the pro-Iranian Hezbollah group for its participation terrorist activities in Israel and AMIA. The United States and Israel made a joint request to Argentina to classify the Lebanese based group as a terrorist organization. \u2013\u00a0<a style=\"color: #007bff; background-image: initial; background-position: initial; background-size: initial; background-repeat: initial; background-attachment: initial; background-origin: initial; background-clip: initial; margin: 0px; padding: 0px; border: 0px; vertical-align: baseline; transition: all 0.3s ease-out 0s; outline: none !important;\" href=\"https:\/\/www.lanacion.com.ar\/politica\/macri-prepara-un-decreto-para-declarar-a-hezbollah-grupo-terrorista-nid2265893\">La Naci\u00f3n on 09-JULY (content in Spanish)<\/a><\/li><li style=\"margin-right: 0px; margin-bottom: 40px; margin-left: 0px; padding: 0px 0px 0px 40px; list-style: none; position: relative; font-size: 19px; color: #505050; line-height: 34px; outline-style: none !important; outline-width: initial !important;\">A top Hezbollah financier was extradited to the U.S. from Paraguay to face charges of a $1.4 million drug money laundering scheme.\u00a0At the\u00a0request of the U.S. government, Nader Mohammad Farhat was arrested in May 2018 in the Ciudad del Este, called the \u201cTriple Frontier\u201d since the area borders Paraguay, Brazil, and Argentina\u00a0\u2013\u00a0<a style=\"color: #007bff; background-image: initial; background-position: initial; background-size: initial; background-repeat: initial; background-attachment: initial; background-origin: initial; background-clip: initial; margin: 0px; padding: 0px; border: 0px; vertical-align: baseline; transition: all 0.3s ease-out 0s; outline: none !important;\" href=\"https:\/\/clarionproject.org\/top-hezbollah-financier-extradited-to-us\/\">The Clarion Project on 25-JUNE\u00a0<\/a><\/li><li style=\"margin-right: 0px; margin-bottom: 40px; margin-left: 0px; padding: 0px 0px 0px 40px; list-style: none; position: relative; font-size: 19px; color: #505050; line-height: 34px; outline-style: none !important; outline-width: initial !important;\">Venezuelan Representative of the National Assembly, Franco Casella, spoke about the ties between the Maduro regime and the Islamic-Lebanese terrorist organization Hezbollah, in an interview with El Mundo at the Mexican Embassy in Caracas. \u2013\u00a0<a style=\"color: #007bff; background-image: initial; background-position: initial; background-size: initial; background-repeat: initial; background-attachment: initial; background-origin: initial; background-clip: initial; margin: 0px; padding: 0px; border: 0px; vertical-align: baseline; transition: all 0.3s ease-out 0s; outline: none !important;\" href=\"https:\/\/www.lagranepoca.com\/news\/mundo-hispano\/latinoamerica\/venezuela\/486794-hezbola-utiliza-venezuela-como-paraiso-fiscal-dice-diputado-franco-casella.html\">La Gran Epoca on 17-JUNE (content in Spanish)<\/a>\u00a0<\/li><li style=\"margin-right: 0px; margin-bottom: 40px; margin-left: 0px; padding: 0px 0px 0px 40px; list-style: none; position: relative; font-size: 19px; color: #505050; line-height: 34px; outline-style: none !important; outline-width: initial !important;\">The United States and the Government of Argentina convened a workshop on countering Hezbollah\u2019s terrorist and illicit activities in the Western Hemisphere on June 11th-12th in Buenos Aires. Law enforcement, prosecutors, and financial practitioners attended from Argentina, Chile, Colombia, Panama, Paraguay, and Peru, as did representatives from Ameripol. The workshop was held in advance of the upcoming Western Hemisphere Ministerial that the Government of Argentina will host July 19th in commemoration of the 25th anniversary of the Hezbollah attack on the Mutual Israelite Association of Argentina community center in Buenos Aires. \u2013\u00a0<a style=\"color: #007bff; background-image: initial; background-position: initial; background-size: initial; background-repeat: initial; background-attachment: initial; background-origin: initial; background-clip: initial; margin: 0px; padding: 0px; border: 0px; vertical-align: baseline; transition: all 0.3s ease-out 0s; outline: none !important;\" href=\"https:\/\/www.state.gov\/u-s-and-argentina-convene-workshop-on-countering-hizballahs-terrorist-activities-in-the-western-hemisphere\/\">U.S. Department of State on 12-JUNE\u00a0<\/a><\/li><li style=\"margin-right: 0px; margin-bottom: 40px; margin-left: 0px; padding: 0px 0px 0px 40px; list-style: none; position: relative; font-size: 19px; color: #505050; line-height: 34px; outline-style: none !important; outline-width: initial !important;\">A major Iranian-backed terrorist group is using drug trafficking operations in Venezuela to fund operations in the Middle East, Secretary of State Mike Pompeo said. \u2013\u00a0<a style=\"color: #007bff; background-image: initial; background-position: initial; background-size: initial; background-repeat: initial; background-attachment: initial; background-origin: initial; background-clip: initial; margin: 0px; padding: 0px; border: 0px; vertical-align: baseline; transition: all 0.3s ease-out 0s; outline: none !important;\" href=\"https:\/\/www.washingtonexaminer.com\/policy\/defense-national-security\/pompeo-hezbollah-using-venezuela-drug-trafficking-to-make-payroll\">Washington Examiner on 11-JUNE<\/a><\/li><\/ul><\/div><\/div><\/div><\/div><\/div><\/div><\/div><\/div><\/div><\/div><\/div><\/div>\t\t\t\t\t\t\t\t<\/div>\n\t\t\t\t<\/div>\n\t\t\t\t<div class=\"elementor-element elementor-element-cab0337 elementor-widget__width-initial elementor-widget elementor-widget-image\" data-id=\"cab0337\" data-element_type=\"widget\" data-widget_type=\"image.default\">\n\t\t\t\t<div class=\"elementor-widget-container\">\n\t\t\t\t\t\t\t\t\t\t\t\t\t\t\t<img loading=\"lazy\" decoding=\"async\" width=\"1536\" height=\"640\" src=\"https:\/\/vric.securefreesociety.org\/wp-content\/uploads\/2021\/09\/chinacover-1536x640-1.webp\" class=\"attachment-full size-full wp-image-3859\" alt=\"\" srcset=\"https:\/\/vric.securefreesociety.org\/wp-content\/uploads\/2021\/09\/chinacover-1536x640-1.webp 1536w, https:\/\/vric.securefreesociety.org\/wp-content\/uploads\/2021\/09\/chinacover-1536x640-1-300x125.webp 300w, https:\/\/vric.securefreesociety.org\/wp-content\/uploads\/2021\/09\/chinacover-1536x640-1-1024x427.webp 1024w, https:\/\/vric.securefreesociety.org\/wp-content\/uploads\/2021\/09\/chinacover-1536x640-1-768x320.webp 768w\" sizes=\"(max-width: 1536px) 100vw, 1536px\" \/>\t\t\t\t\t\t\t\t\t\t\t\t\t\t\t<\/div>\n\t\t\t\t<\/div>\n\t\t\t\t<div class=\"elementor-element elementor-element-191fed0 elementor-widget__width-initial elementor-widget elementor-widget-text-editor\" data-id=\"191fed0\" data-element_type=\"widget\" data-widget_type=\"text-editor.default\">\n\t\t\t\t<div class=\"elementor-widget-container\">\n\t\t\t\t\t\t\t\t\t<div><div><div><div><div><div><div><div><div><div><div style=\"margin: 0px 0px 35px; padding: 0px; border: 0px; vertical-align: baseline; background: transparent; outline: none !important;\"><div style=\"margin: 0px; padding: 0px; border: 0px; vertical-align: baseline; background: transparent; outline: none !important;\"><div style=\"margin: 0px 0px 35px; padding: 0px; border: 0px; vertical-align: baseline; background: transparent; outline: none !important;\"><div style=\"margin: 0px; padding: 0px; border: 0px; vertical-align: baseline; background: transparent; outline: none !important;\"><p style=\"margin-right: 0px; margin-bottom: 50px; margin-left: 0px; padding: 0px; border: 0px; vertical-align: baseline; background: transparent; line-height: 34px; outline: none !important;\">As the U.S.-China trade war persists, the PRC increasingly solidifies its alliances in Latin America, particularly in the telecommunications industry. Huawei recently applied to trademark their iOS operating system and potentially offer their blockchain based technologies throughout Latin America. Brazil seems to be one of the first countries to look at this technology and is reportedly in talks with Huawei for 5G infrastructure deals.<\/p><p style=\"margin-right: 0px; margin-bottom: 50px; margin-left: 0px; padding: 0px; border: 0px; vertical-align: baseline; background: transparent; line-height: 34px; outline: none !important;\">Meanwhile, the Chilean government recently stated it will not exclude Huawei from its choice of service providers pointing to the fall of the price of copper as a result of the <em>\u201ctrade war between the world\u2019s two largest economies \u2026 and major trade partners\u201d<\/em> of Chile. Moreover, Argentina\u2019s Jujuy province recently purchased $30 million in surveillance technology from ZTE.\u00a0\u00a0<\/p><p style=\"margin-right: 0px; margin-bottom: 50px; margin-left: 0px; padding: 0px; border: 0px; vertical-align: baseline; background: transparent; line-height: 34px; outline: none !important;\">\u00a0<\/p><p style=\"margin-right: 0px; margin-bottom: 50px; margin-left: 0px; padding: 0px; border: 0px; vertical-align: baseline; background: transparent; line-height: 34px; outline: none !important;\">Aside from telecommunications, China continues to leverage its economic influence for greater defense cooperation in Latin America. Peru is one of the most recent additions to the Belt and Road Initiative and has begun engaging in military cooperation through a $7 million pledge from the PRC to donate military equipment to the Peruvian Armed Forces. The PRC is also fitting an old Uruguayan navy ship with an onboard laboratory that is believed to be more geo-political in nature. Lastly, Mexico\u2019s Foreign Secretary visited China in early July after the G-20 summit for a <em>\u201cwide-ranging\u201d<\/em> agenda of strategic cooperation. Shortly after, representatives of the Workers\u2019 Party of Mexico traveled to North Korea.\u00a0<\/p><p>\u00a0<\/p><ul style=\"margin-right: 0px; margin-left: 0px; padding: 0px; list-style: square; color: #000000; font-size: 12px; outline-style: none !important; outline-width: initial !important;\"><li style=\"margin-right: 0px; margin-bottom: 40px; margin-left: 0px; padding: 0px 0px 0px 40px; list-style: none; position: relative; font-size: 19px; color: #505050; line-height: 34px; outline-style: none !important; outline-width: initial !important;\">A Chinese contractor has agreed to shore up Venezuela\u2019s derelict refining network to ease fuel shortages, potentially complicating the Trump administration\u2019s push for regime change in the oil-rich country. Wison Engineering Services Co., a Shanghai-based chemical engineering and construction company that is using China\u2019s \u2018Belt and Road\u2019 infrastructure program to expand overseas, agreed last month to repair Venezuela\u2019s main refineries in exchange for oil products including diesel, according to people with knowledge of the deal. \u2013\u00a0<a style=\"color: #007bff; background-image: initial; background-position: initial; background-size: initial; background-repeat: initial; background-attachment: initial; background-origin: initial; background-clip: initial; margin: 0px; padding: 0px; border: 0px; vertical-align: baseline; transition: all 0.3s ease-out 0s; outline: none !important;\" href=\"https:\/\/www.bnnbloomberg.ca\/china-comes-to-the-rescue-of-venezuela-s-run-down-oil-refineries-1.1298613\">BNN Bloomberg on 08-AUG<\/a><\/li><li style=\"margin-right: 0px; margin-bottom: 40px; margin-left: 0px; padding: 0px 0px 0px 40px; list-style: none; position: relative; font-size: 19px; color: #505050; line-height: 34px; outline-style: none !important; outline-width: initial !important;\">Uruguay explores the ocean, with help from China. China is fitting an old Uruguayan navy ship with a lab to study the ocean, while some question the nature of the agreement. \u2013\u00a0<a style=\"color: #007bff; background-image: initial; background-position: initial; background-size: initial; background-repeat: initial; background-attachment: initial; background-origin: initial; background-clip: initial; margin: 0px; padding: 0px; border: 0px; vertical-align: baseline; transition: all 0.3s ease-out 0s; outline: none !important;\" href=\"https:\/\/chinadialogueocean.net\/9604-uruguay-explores-the-ocean-with-help-from-china\/\">China Dialogue on 05-AUG<\/a><\/li><li style=\"margin-right: 0px; margin-bottom: 40px; margin-left: 0px; padding: 0px 0px 0px 40px; list-style: none; position: relative; font-size: 19px; color: #505050; line-height: 34px; outline-style: none !important; outline-width: initial !important;\">ZTE has partnered up with the Universidad Distrital Francisco Jos\u00e9 de Caldas (UDFJC), Colombia to support the development of 5G initiatives in the country. The 5-year partnership will involve the Chinese telecom equipment maker and UDFJC <em>\u201ctraining 5G talents together,<\/em>\u201d in addition to making <em>\u201ctechnical preparations\u201d<\/em> so that Colombia will eventually be ready to deploy 5G networks. \u2013\u00a0<a style=\"color: #007bff; background-image: initial; background-position: initial; background-size: initial; background-repeat: initial; background-attachment: initial; background-origin: initial; background-clip: initial; margin: 0px; padding: 0px; border: 0px; vertical-align: baseline; transition: all 0.3s ease-out 0s; outline: none !important;\" href=\"https:\/\/www.zdnet.com\/article\/zte-signs-agreement-with-university-to-develop-5g-in-colombia\/\">ZD Net on 02-AUG<\/a><\/li><li style=\"margin-right: 0px; margin-bottom: 40px; margin-left: 0px; padding: 0px 0px 0px 40px; list-style: none; position: relative; font-size: 19px; color: #505050; line-height: 34px; outline-style: none !important; outline-width: initial !important;\">Cuban and Chinese universities are moving forward with the creation of a joint <em>\u201cInternational Research Institute of Artificial Intelligence.\u201d<\/em> The project is intended to bring economic benefits to ailing Cuba while enlisting more scientists in China\u2019s bid to achieve AI dominance, the countries confirmed this week. \u2013\u00a0<a style=\"color: #007bff; background-image: initial; background-position: initial; background-size: initial; background-repeat: initial; background-attachment: initial; background-origin: initial; background-clip: initial; margin: 0px; padding: 0px; border: 0px; vertical-align: baseline; transition: all 0.3s ease-out 0s; outline: none !important;\" href=\"https:\/\/www.breitbart.com\/national-security\/2019\/07\/31\/cuba-china-join-forces-to-create-international-research-institute-of-artificial-intelligence\/\">Breitbart on 31-JULY<\/a><\/li><li style=\"margin-right: 0px; margin-bottom: 40px; margin-left: 0px; padding: 0px 0px 0px 40px; list-style: none; position: relative; font-size: 19px; color: #505050; line-height: 34px; outline-style: none !important; outline-width: initial !important;\">China\u2019s Xinhua news agency published images Sunday, July 14th of the debut of a new, Chinese-built railway connecting Havana to Santiago de Cuba, the largest cities on the east and west coasts of the island, respectively. \u2013\u00a0<a style=\"color: #007bff; background-image: initial; background-position: initial; background-size: initial; background-repeat: initial; background-attachment: initial; background-origin: initial; background-clip: initial; margin: 0px; padding: 0px; border: 0px; vertical-align: baseline; transition: all 0.3s ease-out 0s; outline: none !important;\" href=\"http:\/\/v\/\">Breitbart on 15-JULY<\/a><\/li><li style=\"margin-right: 0px; margin-bottom: 40px; margin-left: 0px; padding: 0px 0px 0px 40px; list-style: none; position: relative; font-size: 19px; color: #505050; line-height: 34px; outline-style: none !important; outline-width: initial !important;\">Gerardo Morales\u2019 government in Jujuy, Argentina hired a Chinese company to develop a monitoring system with 600 security cameras worth $30 million. \u2013\u00a0<a style=\"color: #007bff; background-image: initial; background-position: initial; background-size: initial; background-repeat: initial; background-attachment: initial; background-origin: initial; background-clip: initial; margin: 0px; padding: 0px; border: 0px; vertical-align: baseline; transition: all 0.3s ease-out 0s; outline: none !important;\" href=\"https:\/\/www.pagina12.com.ar\/205353-morales-se-mete-en-la-pelea-entre-trump-y-china\">Pagina 12 on 11-JULY (content in Spanish)\u00a0<\/a><\/li><li style=\"margin-right: 0px; margin-bottom: 40px; margin-left: 0px; padding: 0px 0px 0px 40px; list-style: none; position: relative; font-size: 19px; color: #505050; line-height: 34px; outline-style: none !important; outline-width: initial !important;\">In Argentina\u2019s remote northern province of Jujuy, Chinese telecoms giant ZTE is installing a little slice of the Asian nation\u2019s vast surveillance state \u2013 security cameras that the local government says will help to curb street crime. \u2013\u00a0<a style=\"color: #007bff; background-image: initial; background-position: initial; background-size: initial; background-repeat: initial; background-attachment: initial; background-origin: initial; background-clip: initial; margin: 0px; padding: 0px; border: 0px; vertical-align: baseline; transition: all 0.3s ease-out 0s; outline: none !important;\" href=\"https:\/\/www.reuters.com\/article\/us-argentina-china-zte-insight\/safe-like-china-in-argentina-zte-finds-eager-buyer-for-surveillance-tech-idUSKCN1U00ZG\">Reuters on 05-JULY\u00a0<\/a><\/li><li style=\"margin-right: 0px; margin-bottom: 40px; margin-left: 0px; padding: 0px 0px 0px 40px; list-style: none; position: relative; font-size: 19px; color: #505050; line-height: 34px; outline-style: none !important; outline-width: initial !important;\">Foreign Secretary Marcelo Ebrard began a visit to the People\u2019s Republic of China today to give renewed impetus to trade and investment, given the close political dialogue between both countries. \u2013\u00a0<a style=\"color: #007bff; background-image: initial; background-position: initial; background-size: initial; background-repeat: initial; background-attachment: initial; background-origin: initial; background-clip: initial; margin: 0px; padding: 0px; border: 0px; vertical-align: baseline; transition: all 0.3s ease-out 0s; outline: none !important;\" href=\"https:\/\/www.gob.mx\/sre\/en\/articulos\/foreign-secretary-marcelo-ebrard-begins-visit-to-china-207282?tab=\">Mexican Ministry of Foreign Affairs on 01-JULY\u00a0<\/a><\/li><li style=\"margin-right: 0px; margin-bottom: 40px; margin-left: 0px; padding: 0px 0px 0px 40px; list-style: none; position: relative; font-size: 19px; color: #505050; line-height: 34px; outline-style: none !important; outline-width: initial !important;\">Argentina indicated its interest on Tuesday in moving forward with China on initiatives including construction of the country\u2019s fourth nuclear power plant and exporting locally processed soymeal to China, the government said following bilateral meetings in Beijing. \u2013\u00a0<a style=\"color: #007bff; background-image: initial; background-position: initial; background-size: initial; background-repeat: initial; background-attachment: initial; background-origin: initial; background-clip: initial; margin: 0px; padding: 0px; border: 0px; vertical-align: baseline; transition: all 0.3s ease-out 0s; outline: none !important;\" href=\"https:\/\/www.reuters.com\/article\/us-argentina-china\/argentine-official-in-china-talks-nuclear-deal-and-soymeal-idUSKCN1TQ221\">Reuters on 25-JUNE<\/a><\/li><li style=\"margin-right: 0px; margin-bottom: 40px; margin-left: 0px; padding: 0px 0px 0px 40px; list-style: none; position: relative; font-size: 19px; color: #505050; line-height: 34px; outline-style: none !important; outline-width: initial !important;\">Antigua plans to construct a sprawling \u201cChinese colony\u201d complete with factories, homes, and holiday resorts across a pristine marine reserve in Antigua have ignited a storm of controversy on the Caribbean island. \u2013\u00a0<a style=\"color: #007bff; background-image: initial; background-position: initial; background-size: initial; background-repeat: initial; background-attachment: initial; background-origin: initial; background-clip: initial; margin: 0px; padding: 0px; border: 0px; vertical-align: baseline; transition: all 0.3s ease-out 0s; outline: none !important;\" href=\"https:\/\/www.theguardian.com\/world\/2019\/jun\/20\/antigua-yida-project-chinese-colony-controversy?utm_source=Today+in+Latin+America&amp;utm_campaign=20c6ef2ba6-EMAIL_CAMPAIGN_2019_06_21_12_33&amp;utm_medium=email&amp;utm_term=0_73d76ad46b-20c6ef2ba6-101968427\">The Guardian on 20-JUNE<\/a><\/li><li style=\"margin-right: 0px; margin-bottom: 40px; margin-left: 0px; padding: 0px 0px 0px 40px; list-style: none; position: relative; font-size: 19px; color: #505050; line-height: 34px; outline-style: none !important; outline-width: initial !important;\">Recent reports indicate that Chinese tech giants Alibaba and Tencent have laid off staff and slowed down the rate of investment in startups, just as China\u2019s central government has also reduced state-funded tech financing. \u2013\u00a0<a style=\"color: #007bff; background-image: initial; background-position: initial; background-size: initial; background-repeat: initial; background-attachment: initial; background-origin: initial; background-clip: initial; margin: 0px; padding: 0px; border: 0px; vertical-align: baseline; transition: all 0.3s ease-out 0s; outline: none !important;\" href=\"https:\/\/www.bnamericas.com\/en\/features\/china-and-latin-america-still-open-to-trading-tech-talent\">BNamericas on 17-JUNE<\/a><\/li><li style=\"margin-right: 0px; margin-bottom: 40px; margin-left: 0px; padding: 0px 0px 0px 40px; list-style: none; position: relative; font-size: 19px; color: #505050; line-height: 34px; outline-style: none !important; outline-width: initial !important;\">Chile will not exclude Chinese telecoms gear maker Huawei from its choice of service providers when it introduces its 5G technology network, the Latin American nation\u2019s vice-minister for trade said. \u2013\u00a0<a style=\"color: #007bff; background-image: initial; background-position: initial; background-size: initial; background-repeat: initial; background-attachment: initial; background-origin: initial; background-clip: initial; margin: 0px; padding: 0px; border: 0px; vertical-align: baseline; transition: all 0.3s ease-out 0s; outline: none !important;\" href=\"https:\/\/asia.nikkei.com\/Spotlight\/Huawei-crackdown\/Chile-will-not-exclude-Huawei-from-5G-network-vice-minister-says\">Nikkei Asian Review on 17-JUNE<\/a><\/li><li style=\"margin-right: 0px; margin-bottom: 40px; margin-left: 0px; padding: 0px 0px 0px 40px; list-style: none; position: relative; font-size: 19px; color: #505050; line-height: 34px; outline-style: none !important; outline-width: initial !important;\">Brazil wants Chinese investment in infrastructure projects as long as investors create local jobs and play by Brazilian rules, Vice President Hamilton Mourao told Reuters in an interview. \u2013\u00a0<a style=\"color: #007bff; background-image: initial; background-position: initial; background-size: initial; background-repeat: initial; background-attachment: initial; background-origin: initial; background-clip: initial; margin: 0px; padding: 0px; border: 0px; vertical-align: baseline; transition: all 0.3s ease-out 0s; outline: none !important;\" href=\"https:\/\/uk.reuters.com\/article\/uk-brazil-china\/brazil-wants-china-to-invest-in-its-infrastructure-vice-president-idUKKCN1TE2YL?rpc=401&amp;\">Reuters on 13-JUNE<\/a><\/li><li style=\"margin-right: 0px; margin-bottom: 40px; margin-left: 0px; padding: 0px 0px 0px 40px; list-style: none; position: relative; font-size: 19px; color: #505050; line-height: 34px; outline-style: none !important; outline-width: initial !important;\">A recent delivery of 200 electric buses from Chinese manufacturers BYD and Yutong, with more orders to come, is advancing Chile\u2019s goals for electric-powered public transit \u2014 80% by 2022 and 100% by 2040. \u2013\u00a0<a style=\"color: #007bff; background-image: initial; background-position: initial; background-size: initial; background-repeat: initial; background-attachment: initial; background-origin: initial; background-clip: initial; margin: 0px; padding: 0px; border: 0px; vertical-align: baseline; transition: all 0.3s ease-out 0s; outline: none !important;\" href=\"https:\/\/www.axios.com\/chinese-electric-buses-help-chile-reduce-emissions-improve-trade-ties-09e0ddf1-37e5-463c-a4bb-5bb71d842481.html\">Axios on 13-JUNE<\/a><\/li><li style=\"margin-right: 0px; margin-bottom: 40px; margin-left: 0px; padding: 0px 0px 0px 40px; list-style: none; position: relative; font-size: 19px; color: #505050; line-height: 34px; outline-style: none !important; outline-width: initial !important;\">Chinese telecommunications hardware giant Huawei is studying the entire Latin American market and considering expanding its operations, Cointelegraph Brazil reports. On June 11th, a Huawei executive said at the CIAB Febraban conference that it is possible its blockchain-enabled products and services will soon be available on the continent. \u2013\u00a0<a style=\"color: #007bff; background-image: initial; background-position: initial; background-size: initial; background-repeat: initial; background-attachment: initial; background-origin: initial; background-clip: initial; margin: 0px; padding: 0px; border: 0px; vertical-align: baseline; transition: all 0.3s ease-out 0s; outline: none !important;\" href=\"https:\/\/cointelegraph.com\/news\/huawei-considering-launch-of-blockchain-services-in-latin-america\">CoinTelegraph on 13-JUNE<\/a><\/li><li style=\"margin-right: 0px; margin-bottom: 40px; margin-left: 0px; padding: 0px 0px 0px 40px; list-style: none; position: relative; font-size: 19px; color: #505050; line-height: 34px; outline-style: none !important; outline-width: initial !important;\">Francisco Sucre, the president of Venezuela\u2019s Foreign Policy Commission in the country\u2019s parliament and Guaid\u00f3 aide, said China must cut its ties with Maduro in Venezuela. \u2013\u00a0<a style=\"color: #007bff; background-image: initial; background-position: initial; background-size: initial; background-repeat: initial; background-attachment: initial; background-origin: initial; background-clip: initial; margin: 0px; padding: 0px; border: 0px; vertical-align: baseline; transition: all 0.3s ease-out 0s; outline: none !important;\" href=\"https:\/\/asia.nikkei.com\/Politics\/International-relations\/Guaido-aide-tells-China-to-turn-its-back-on-Venezuelan-president\">Nikkei Asian Review on 12-JUNE<\/a><\/li><li style=\"margin-right: 0px; margin-bottom: 40px; margin-left: 0px; padding: 0px 0px 0px 40px; list-style: none; position: relative; font-size: 19px; color: #505050; line-height: 34px; outline-style: none !important; outline-width: initial !important;\">The Defense Ministries of Peru and China signed a defense cooperation agreement that states China will donate approximately $7 million in military equipment in 2020. \u2013\u00a0<a style=\"color: #007bff; background-image: initial; background-position: initial; background-size: initial; background-repeat: initial; background-attachment: initial; background-origin: initial; background-clip: initial; margin: 0px; padding: 0px; border: 0px; vertical-align: baseline; transition: all 0.3s ease-out 0s; outline: none !important;\" href=\"https:\/\/www.defensa.com\/peru\/china-donara-material-equipo-militar-peru\">Defensa.com on 10-JUNE (content in Spanish)\u00a0<\/a><\/li><li style=\"margin-right: 0px; margin-bottom: 40px; margin-left: 0px; padding: 0px 0px 0px 40px; list-style: none; position: relative; font-size: 19px; color: #505050; line-height: 34px; outline-style: none !important; outline-width: initial !important;\">The wheels are turning on Didi Chuxing\u2019s (ride-hailing service) first major expansion in Latin America after the Chinese ride-hailing firm announced moves into Chile and Colombia to double its presence in the region. \u2013\u00a0<a style=\"color: #007bff; background-image: initial; background-position: initial; background-size: initial; background-repeat: initial; background-attachment: initial; background-origin: initial; background-clip: initial; margin: 0px; padding: 0px; border: 0px; vertical-align: baseline; transition: all 0.3s ease-out 0s; outline: none !important;\" href=\"https:\/\/techcrunch.com\/2019\/06\/05\/didi-chile-colombia-latin-america\/\">TechCrunch on 07-JUNE<\/a><\/li><\/ul><p style=\"margin-right: 0px; margin-bottom: 50px; margin-left: 0px; padding: 0px; border: 0px; vertical-align: baseline; background: transparent; line-height: 34px; outline: none !important;\"><strong style=\"font-weight: bold; margin: 0px; padding: 0px; border: 0px; vertical-align: baseline; background: transparent; outline: none !important;\">NORTH KOREA<\/strong><\/p><ul style=\"margin-right: 0px; margin-left: 0px; padding: 0px; list-style: square; color: #000000; font-size: 12px; outline-style: none !important; outline-width: initial !important;\"><li style=\"margin-right: 0px; margin-bottom: 40px; margin-left: 0px; padding: 0px 0px 0px 40px; list-style: none; position: relative; font-size: 19px; color: #505050; line-height: 34px; outline-style: none !important; outline-width: initial !important;\">Korean state media reports that a delegation of the Workers\u2019 Party of Mexico led by Renata Libertad Avila Valadez, member of its National Executive Commission, arrived in Pyongyang on July 8th. \u2013\u00a0<a style=\"color: #007bff; background-image: initial; background-position: initial; background-size: initial; background-repeat: initial; background-attachment: initial; background-origin: initial; background-clip: initial; margin: 0px; padding: 0px; border: 0px; vertical-align: baseline; transition: all 0.3s ease-out 0s; outline: none !important;\" href=\"https:\/\/kcnawatch.org\/newstream\/1562591733-6078240\/delegation-of-workers-party-of-mexico-arrives\/\">KCNA Watch on 08-JULY<\/a><\/li><li style=\"margin-right: 0px; margin-bottom: 40px; margin-left: 0px; padding: 0px 0px 0px 40px; list-style: none; position: relative; font-size: 19px; color: #505050; line-height: 34px; outline-style: none !important; outline-width: initial !important;\">North Korean state media reports Naguanagua City (in Venezuela) awarded the \u201cNaguanagua City Order,\u201d the highest order of the city, to Supreme Leader Kim Jong Un on the occasion of the \u201cperiod of the international action for peace, prosperity and reunification of the Korean peninsula\u201d and the first anniversary of the adoption of the historic June 12th DPRK-US Joint Statement. \u2013\u00a0<a style=\"color: #007bff; background-image: initial; background-position: initial; background-size: initial; background-repeat: initial; background-attachment: initial; background-origin: initial; background-clip: initial; margin: 0px; padding: 0px; border: 0px; vertical-align: baseline; transition: all 0.3s ease-out 0s; outline: none !important;\" href=\"http:\/\/c.newsnow.co.uk\/A\/989558057?-13144:2350:latest_news#out\">KCNA Watch on 19-JUNE<\/a><\/li><\/ul><div style=\"margin: 80px -15px 0px; padding: 0px; border: 0px; vertical-align: baseline; background: transparent; display: flex; flex-wrap: wrap; color: #000000; font-size: 12px; outline: none !important;\">\u00a0<\/div><p style=\"box-sizing: border-box; outline: none !important; margin: 0px 0px 50px; padding: 0px; border: 0px; vertical-align: baseline; background: transparent; font-size: 19px; color: #505050; line-height: 34px; font-family: Rubik, sans-serif; font-style: normal; font-variant-ligatures: normal; font-variant-caps: normal; font-weight: 400; letter-spacing: normal; orphans: 2; text-align: left; text-indent: 0px; text-transform: none; widows: 2; word-spacing: 0px; -webkit-text-stroke-width: 0px; white-space: normal; text-decoration-thickness: initial; text-decoration-style: initial; text-decoration-color: initial;\"><em style=\"box-sizing: border-box; outline: none !important; margin: 0px; padding: 0px; border: 0px; vertical-align: baseline; background: transparent; font-style: italic;\"><strong>Disclaimer:<\/strong> The VRIC Monitor does source a limited amount of media reports from state-owned or -controlled media outlets from\u00a0VRIC nations. These media reports are carefully selected and solely intended to report on cultural, diplomatic, economic, or military activities that are not reported on by other media and relevant for understanding VRIC influence in the region.<\/em><\/p><p>\u00a0<\/p><p style=\"box-sizing: border-box; outline: none !important; margin: 0px 0px 50px; padding: 0px; border: 0px; vertical-align: baseline; background: transparent; font-size: 19px; color: #505050; line-height: 34px; font-family: Rubik, sans-serif; font-style: normal; font-variant-ligatures: normal; font-variant-caps: normal; font-weight: 400; letter-spacing: normal; orphans: 2; text-align: left; text-indent: 0px; text-transform: none; widows: 2; word-spacing: 0px; -webkit-text-stroke-width: 0px; white-space: normal; text-decoration-thickness: initial; text-decoration-style: initial; text-decoration-color: initial;\"><em style=\"box-sizing: border-box; outline: none !important; margin: 0px; padding: 0px; border: 0px; vertical-align: baseline; background: transparent; font-style: italic;\">Given the inevitability that state propaganda will be mixed into these articles, we ensure that reporting from state-media outlets is no more than 20 percent of the overall VRIC Monitor and exclude any opinion pieces or anti-US (anti-West) declarations of any kind.<\/em><\/p><\/div><\/div><\/div><\/div><\/div><\/div><\/div><\/div><\/div><\/div><\/div><\/div><\/div><\/div>\t\t\t\t\t\t\t\t<\/div>\n\t\t\t\t<\/div>\n\t\t\t\t<div class=\"elementor-element elementor-element-ae1fde9 elementor-widget__width-initial elementor-widget elementor-widget-text-editor\" data-id=\"ae1fde9\" data-element_type=\"widget\" data-widget_type=\"text-editor.default\">\n\t\t\t\t<div class=\"elementor-widget-container\">\n\t\t\t\t\t\t\t\t\t<div><div><div><div><div><div><div><div><div><div><div><div><div><div><div><div><div style=\"margin: 0px 0px 35px; padding: 0px; border: 0px; vertical-align: baseline; background-image: initial; background-position: initial; background-size: initial; background-repeat: initial; background-attachment: initial; background-origin: initial; background-clip: initial; outline: none !important;\"><div style=\"margin: 0px; padding: 0px; border: 0px; vertical-align: baseline; background: transparent; outline: none !important;\"><div style=\"margin: 0px 0px 35px; padding: 0px; border: 0px; vertical-align: baseline; background-image: initial; background-position: initial; background-size: initial; background-repeat: initial; background-attachment: initial; background-origin: initial; background-clip: initial; outline: none !important;\"><div style=\"margin: 0px; padding: 0px; border: 0px; vertical-align: baseline; background: transparent; outline: none !important;\"><p style=\"margin-right: 0px; margin-bottom: 0px; margin-left: 0px; padding: 0px; border: 0px; vertical-align: baseline; background: transparent; line-height: 34px; outline: none !important;\"><em style=\"margin: 0px; padding: 0px; border: 0px; vertical-align: baseline; background: transparent; color: #505050; outline: none !important;\">The VRIC Monitor is a one-of-a-kind, monthly report from SFS tracking extra-regional\u00a0influence in Latin America. VRIC stands for\u00a0<\/em><strong style=\"font-weight: bold; margin: 0px; padding: 0px; border: 0px; vertical-align: baseline; background: transparent; color: #505050; outline: none !important;\"><span style=\"margin: 0px; padding: 0px; border: 0px; vertical-align: baseline; background: transparent; text-decoration-line: underline; outline: none !important;\"><em style=\"margin: 0px; padding: 0px; border: 0px; vertical-align: baseline; background: transparent; outline: none !important;\">V<\/em><\/span><\/strong><em style=\"margin: 0px; padding: 0px; border: 0px; vertical-align: baseline; background: transparent; color: #505050; outline: none !important;\">enezuela,\u00a0<\/em><strong style=\"font-weight: bold; margin: 0px; padding: 0px; border: 0px; vertical-align: baseline; background: transparent; color: #505050; outline: none !important;\"><span style=\"margin: 0px; padding: 0px; border: 0px; vertical-align: baseline; background: transparent; text-decoration-line: underline; outline: none !important;\"><em style=\"margin: 0px; padding: 0px; border: 0px; vertical-align: baseline; background: transparent; outline: none !important;\">R<\/em><\/span><\/strong><em style=\"margin: 0px; padding: 0px; border: 0px; vertical-align: baseline; background: transparent; color: #505050; outline: none !important;\">ussia,\u00a0<\/em><strong style=\"font-weight: bold; margin: 0px; padding: 0px; border: 0px; vertical-align: baseline; background: transparent; color: #505050; outline: none !important;\"><span style=\"margin: 0px; padding: 0px; border: 0px; vertical-align: baseline; background: transparent; text-decoration-line: underline; outline: none !important;\"><em style=\"margin: 0px; padding: 0px; border: 0px; vertical-align: baseline; background: transparent; outline: none !important;\">I<\/em><\/span><\/strong><em style=\"margin: 0px; padding: 0px; border: 0px; vertical-align: baseline; background: transparent; color: #505050; outline: none !important;\">ran,\u00a0<\/em><strong style=\"font-weight: bold; margin: 0px; padding: 0px; border: 0px; vertical-align: baseline; background: transparent; color: #505050; outline: none !important;\"><span style=\"margin: 0px; padding: 0px; border: 0px; vertical-align: baseline; background: transparent; text-decoration-line: underline; outline: none !important;\"><em style=\"margin: 0px; padding: 0px; border: 0px; vertical-align: baseline; background: transparent; outline: none !important;\">C<\/em><\/span><\/strong><em style=\"margin: 0px; padding: 0px; border: 0px; vertical-align: baseline; background: transparent; color: #505050; outline: none !important;\">hina where Venezuela represents the Bolivarian Revolution and the broader Bolivarian Alliance or ALBA. Likewise, Iran represents the Iranian Revolution and a growing presence of Middle Eastern actors in Latin America, namely its chief proxy, Hezbollah.<\/em><\/p><p>\u00a0<\/p><p style=\"margin-right: 0px; margin-bottom: 0px; margin-left: 0px; padding: 0px; border: 0px; vertical-align: baseline; background: transparent; line-height: 34px; outline: none !important;\"><em style=\"margin: 0px; padding: 0px; border: 0px; vertical-align: baseline; background: transparent; color: #505050; outline: none !important;\">The monitor is comprised of open source information selected by SFS analysts and fellows. This is not a complete list of media reports on VRIC presence in Latin America, but a snapshot of open-source media highlighting the major areas of VRIC influence.<\/em><\/p><\/div><\/div><\/div><\/div><\/div><\/div><\/div><\/div><\/div><\/div><\/div><\/div><\/div><\/div><\/div><\/div><\/div><\/div><\/div><\/div>\t\t\t\t\t\t\t\t<\/div>\n\t\t\t\t<\/div>\n\t\t\t\t\t<\/div>\n\t\t<\/div>\n\t\t\t\t\t<\/div>\n\t\t<\/section>\n\t\t\t\t<\/div>\n\t\t","protected":false},"excerpt":{"rendered":"<p>On July 9th, the head of the Pentagon\u2019s Southern Command, Admiral Craig Faller, provided testimony to the Senate Armed Services Subcommittee on Emerging Threats and Capabilities warning of the collective threat of Russia, Iran, and China in Latin America.<\/p>\n","protected":false},"author":1,"featured_media":5495,"comment_status":"open","ping_status":"open","sticky":false,"template":"","format":"standard","meta":{"_monsterinsights_skip_tracking":false,"_monsterinsights_sitenote_active":false,"_monsterinsights_sitenote_note":"","_monsterinsights_sitenote_category":0,"footnotes":""},"categories":[10],"tags":[],"class_list":["post-3686","post","type-post","status-publish","format-standard","has-post-thumbnail","hentry","category-sin-categorizar"],"jetpack_featured_media_url":"https:\/\/vric.securefreesociety.org\/wp-content\/uploads\/2019\/08\/portada06n.jpg","_links":{"self":[{"href":"https:\/\/vric.securefreesociety.org\/es\/wp-json\/wp\/v2\/posts\/3686","targetHints":{"allow":["GET"]}}],"collection":[{"href":"https:\/\/vric.securefreesociety.org\/es\/wp-json\/wp\/v2\/posts"}],"about":[{"href":"https:\/\/vric.securefreesociety.org\/es\/wp-json\/wp\/v2\/types\/post"}],"author":[{"embeddable":true,"href":"https:\/\/vric.securefreesociety.org\/es\/wp-json\/wp\/v2\/users\/1"}],"replies":[{"embeddable":true,"href":"https:\/\/vric.securefreesociety.org\/es\/wp-json\/wp\/v2\/comments?post=3686"}],"version-history":[{"count":7,"href":"https:\/\/vric.securefreesociety.org\/es\/wp-json\/wp\/v2\/posts\/3686\/revisions"}],"predecessor-version":[{"id":5500,"href":"https:\/\/vric.securefreesociety.org\/es\/wp-json\/wp\/v2\/posts\/3686\/revisions\/5500"}],"wp:featuredmedia":[{"embeddable":true,"href":"https:\/\/vric.securefreesociety.org\/es\/wp-json\/wp\/v2\/media\/5495"}],"wp:attachment":[{"href":"https:\/\/vric.securefreesociety.org\/es\/wp-json\/wp\/v2\/media?parent=3686"}],"wp:term":[{"taxonomy":"category","embeddable":true,"href":"https:\/\/vric.securefreesociety.org\/es\/wp-json\/wp\/v2\/categories?post=3686"},{"taxonomy":"post_tag","embeddable":true,"href":"https:\/\/vric.securefreesociety.org\/es\/wp-json\/wp\/v2\/tags?post=3686"}],"curies":[{"name":"wp","href":"https:\/\/api.w.org\/{rel}","templated":true}]}}